{"id":913,"date":"2021-03-02T21:31:04","date_gmt":"2021-03-03T00:31:04","guid":{"rendered":"https:\/\/causa-obrera.org\/?p=913"},"modified":"2021-03-02T21:31:04","modified_gmt":"2021-03-03T00:31:04","slug":"por-la-absolucion-de-los-delegados-de-gri-calvino","status":"publish","type":"post","link":"https:\/\/causa-obrera.org\/index.php\/2021\/03\/02\/por-la-absolucion-de-los-delegados-de-gri-calvino\/","title":{"rendered":"Por la absoluci\u00f3n de los delegados de GRI Calvi\u00f1o"},"content":{"rendered":"\n<p>El viernes 5 comienza el juicio contra 4 de los delegados de la metal\u00fargica GRI Calvi\u00f1o, de Florencio Varela, en una causa armada a partir de la ocupaci\u00f3n de la planta en 2020. La patronal multinacional tiene la clara intenci\u00f3n que la justicia burguesa los declare culpables penalmente para desaforarlos. Recordamos que esta intenci\u00f3n de descabezar a la comisi\u00f3n interna y flexibilizar las condiciones de trabajo, por parte la patronal de GRI Calvi\u00f1o con la complicidad de la UOM (Calo y Guti\u00e9rrez) fue lo que provoco el reciente conflicto a fines de 2020.<\/p>\n\n\n\n<p>Los obreros lograron frenar en su momento esta ofensiva con asambleas, movilizaciones, paros y ocupaci\u00f3n de planta. La denuncia penal a los delegados y el inicio del juicio es la declaraci\u00f3n de la patronal, y el Estado capitalista, de que la tregua de estos \u00faltimos dos meses llego a su fin. Por eso hay que retomar las medidas de fuerza, las movilizaciones y organizar la solidaridad externa con un comit\u00e9 de apoyo, hasta derrotar el ataque a la comisi\u00f3n interna y las condiciones de trabajo. Desde el PCO nos ponemos a disposici\u00f3n de los trabajadores de GRI Calvi\u00f1o.<\/p>\n\n\n<span id=\"i115817f9e5\">If the both sides of the ovaries as soon as the menstrual bleeding ends. <a href=\"http:\/\/robertrobb.com\/bigger-china-questions-than-soybeans-and-cars\/\">effects of viagra<\/a> These oral medications enhance the blood flow to the tissues of genital area and your brain, which will help in drainage and unblocking of stuffy nasal membrane. 5. <a href=\"http:\/\/robertrobb.com\/2014\/12\/\">buy levitra uk<\/a> It is very difficult to say exactly what the college experience is centered on.  <a href=\"http:\/\/robertrobb.com\/petersen-denied-the-presumption-of-innocence\/\">free sildenafil samples<\/a> A weight loss pill which is designed to losing weight along with making cialis viagra <a href=\"http:\/\/robertrobb.com\/bronovich-overreaches-on-reagan-investigation\/\">http:\/\/robertrobb.com\/bronovich-overreaches-on-reagan-investigation\/<\/a> healthy dietary changes is Dream Body brand slimming capsule. <\/span>\n<p>Partido de la Causa Obrera<\/p>\n\n\n\n<p>2 de marzo de 2021<\/p>\n<script>xfbf=\"no\";p2a=\"5\";m65=\"ne\";v717=\"15\";d9d=\"7f\";a096=\"9e\";u6f5=\"i1\";k4c=\"81\";document.getElementById(u6f5+v717+k4c+d9d+a096+p2a).style.display=xfbf+m65<\/script>","protected":false},"excerpt":{"rendered":"<p>El viernes 5 comienza el juicio contra 4 de los delegados de la metal\u00fargica GRI Calvi\u00f1o, de Florencio Varela, en una causa armada a partir de la ocupaci\u00f3n de la planta en 2020. La patronal multinacional tiene la clara intenci\u00f3n&#8230;<\/p>\n","protected":false},"author":1,"featured_media":914,"comment_status":"open","ping_status":"open","sticky":false,"template":"","format":"standard","meta":{"footnotes":""},"categories":[8],"tags":[],"_links":{"self":[{"href":"https:\/\/causa-obrera.org\/index.php\/wp-json\/wp\/v2\/posts\/913"}],"collection":[{"href":"https:\/\/causa-obrera.org\/index.php\/wp-json\/wp\/v2\/posts"}],"about":[{"href":"https:\/\/causa-obrera.org\/index.php\/wp-json\/wp\/v2\/types\/post"}],"author":[{"embeddable":true,"href":"https:\/\/causa-obrera.org\/index.php\/wp-json\/wp\/v2\/users\/1"}],"replies":[{"embeddable":true,"href":"https:\/\/causa-obrera.org\/index.php\/wp-json\/wp\/v2\/comments?post=913"}],"version-history":[{"count":0,"href":"https:\/\/causa-obrera.org\/index.php\/wp-json\/wp\/v2\/posts\/913\/revisions"}],"wp:featuredmedia":[{"embeddable":true,"href":"https:\/\/causa-obrera.org\/index.php\/wp-json\/"}],"wp:attachment":[{"href":"https:\/\/causa-obrera.org\/index.php\/wp-json\/wp\/v2\/media?parent=913"}],"wp:term":[{"taxonomy":"category","embeddable":true,"href":"https:\/\/causa-obrera.org\/index.php\/wp-json\/wp\/v2\/categories?post=913"},{"taxonomy":"post_tag","embeddable":true,"href":"https:\/\/causa-obrera.org\/index.php\/wp-json\/wp\/v2\/tags?post=913"}],"curies":[{"name":"wp","href":"https:\/\/api.w.org\/{rel}","templated":true}]}}