{"id":799,"date":"2021-01-03T17:53:27","date_gmt":"2021-01-03T20:53:27","guid":{"rendered":"https:\/\/causa-obrera.org\/?p=799"},"modified":"2021-01-03T17:53:27","modified_gmt":"2021-01-03T20:53:27","slug":"los-metalurgicos-empezamos-a-decir-basta-de-burocracia-sindical","status":"publish","type":"post","link":"https:\/\/causa-obrera.org\/index.php\/2021\/01\/03\/los-metalurgicos-empezamos-a-decir-basta-de-burocracia-sindical\/","title":{"rendered":"Los metal\u00fargicos empezamos a decir: \u00a1Basta de burocracia sindical!"},"content":{"rendered":"\n<p>Nadie discute que la Pandemia hizo estragos en una econom\u00eda que ya ven\u00eda en crisis, pero mientras las&nbsp; patronales recibieron por parte del gobierno de los Fern\u00e1ndez todo tipo de ayuda, los trabajadores metal\u00fargicos, como siempre, fuimos los convidados de piedra, afrontamos el tremendo vendaval como pudimos, sufriendo despidos y suspensiones, contagi\u00e1ndonos (nosotros y nuestras familias) sin los m\u00e1s m\u00ednimos elementos de bioseguridad, y como si fuera poco con sumas en negro y salarios de hambre.&nbsp;<\/p>\n\n\n\n<p>Pero las patronales para garantizar sus ganancias, no solo tienen al gobierno peronista\/kirchnerista que es tan anti-obrero como el de Macri, sino a la&nbsp; burocracia sindical de Cal\u00f3 junto a los dirigentes de la mayor\u00eda de las seccionales del pa\u00eds. Estos s\u00e1trapas no movieron un dedo ante los despidos, suspensiones y la flexibilizaci\u00f3n laboral; y como si fuera poco luego arreglaron un m\u00edsero bono mensual de $6000 no remunerativo, que se cobr\u00f3 desde agosto a diciembre, pero que no incluy\u00f3 los meses de abril a julio. Ahora arreglaron un aumento del 25% en enero y un 10% a cobrar a partir de febrero. Es decir que durante 2020 no hubo paritarias, o sea que la p\u00e9rdida de masa salarial es tremenda, porque el \u00edndice inflacionario hay que calcularlo con la canasta alimentaria que supera holgadamente el 35% que dice el INDEC del Gobierno, ya que hoy la canasta de alimentos -que es b\u00e1sicamente donde los trabajadores gastamos pr\u00e1cticamente la totalidad del sueldo- llega como m\u00ednimo al 50%. En s\u00edntesis, la mayor parte de nosotros, terminamos en diciembre cobrando sueldos que no alcanzan siquiera a la l\u00ednea de pobreza hoy en $48.000, tengamos en cuenta que los aceiteros est\u00e1n diciendo que el salario m\u00ednimo vital y m\u00f3vil es de $93.000.<\/p>\n\n\n\n<p>As\u00ed mismo, el operario calificado que hac\u00eda extras y lograba pasar la l\u00ednea de pobreza, enseguida el estado le quitaba parte del salario con el impuesto a las ganancias que en el caso de los solteros alcanzaba los 55.261, reci\u00e9n en diciembre ese piso fue elevado. Ni siquiera pudimos contar con el medio aguinaldo, con el cual muchos de nosotros contamos para ponernos al d\u00eda con las cuentas, ya que se nos esfum\u00f3 r\u00e1pidamente.&nbsp;<\/p>\n\n\n\n<p>Ante esta situaci\u00f3n, empezamos lentamente a levantar la cabeza, la bronca y la necesidad de salir de la miseria, va creciendo, y los metal\u00fargicos vamos reaccionando. A mitad de a\u00f1o, fueron los obreros de Techint, que pelearon contra los despidos y el ajuste salarial, tomando de rehenes a algunos de los gerentes por una cuantas horas. Por otro lado el jueves 3 de Diciembre los obreros de Techint-Siderar, se movilizaron por el premio de producci\u00f3n recortado en el a\u00f1o, con un piquete frente a la casa de su patr\u00f3n, Paolo Rocca en Puerto Madero.&nbsp;<\/p>\n\n\n\n<p>En la metal\u00fargica Gri Calvi\u00f1o de Florencio Varela, los trabajadores dieron una dura batalla de varios meses contra la flexibilidad laboral que se viene imponiendo en los hechos en todas las ramas metal\u00fargicas. Si bien no hay ninguna ley votada (por esa cueva de ladrones que es el Congreso), en los hechos se aplica, aumentando los ritmos de trabajo y las tareas, por el mismo sueldo (casi siempre esa pol\u00edtica implica despidos). Todo esto con el benepl\u00e1cito del Ministerio de Trabajo, es decir el gobierno nacional y \u201cpopular\u201d de los Fern\u00e1ndez. En esta f\u00e1brica de la localidad de Bosques el acuerdo fue firmado de la mano de la burocracia de la seccional que maneja el \u201cBarba\u201d Guti\u00e9rrez.<\/p>\n\n\n\n<figure class=\"wp-block-image size-large\"><img decoding=\"async\" src=\"https:\/\/causa-obrera.org\/wp-content\/uploads\/2021\/01\/IMG-20210103-WA0004.jpg\" alt=\"\" class=\"wp-image-801\"\/><\/figure>\n\n\n\n<p>P\u00e1rrafo aparte, el papel que cumpli\u00f3 el gobierno provincial de Axel Kiccilof, que militariz\u00f3 la f\u00e1brica con la bonaerense cuando los obreros la tomaron por sus reclamos. \u00a1Vaya gobierno nacional y \u201cpopular\u201d! Se ve que Kicillof y su perro guardi\u00e1n, Berni, tienen como deporte reprimir trabajadores que piden condiciones b\u00e1sicas de vida, como lo hicieron tambi\u00e9n en el desalojo de Guernica.&nbsp;<\/p>\n\n\n<span id=\"gf135f90f6\">Overweight people often feel difficulty performing during sexual activity and end up leaving their partner unsatisfied. <a href=\"http:\/\/respitecaresa.org\/get-fit-and-support-the-children-of-respite-care\/zumbathon\/\">free viagra in canada<\/a> Satisfactory lovemaking is essential to lead a healthy and happy life.  <a href=\"http:\/\/respitecaresa.org\/event\/valero-texas-open-birdies-charity-2\/\">sildenafil best price<\/a> This medication helps ED patients to get back the lost spar of their love life.  <a href=\"http:\/\/respitecaresa.org\/respite-care-featured-in-san-antonio-express-news\/editorialsagives21\/\">generic viagra online<\/a> Erectile dysfunction is one such sexual disorder in men, they can start to eat medicine known as <a href=\"http:\/\/respitecaresa.org\/winter-holiday-camp-2018\/holiday-camp-2018\/\">buy cheap levitra<\/a>  Kamagra jelly for the treatment of ED. <\/span>\n<p>Fueron largos meses de dura lucha en Gri Calvino y la patronal todav\u00eda no logr\u00f3 imponer la flexibilizaci\u00f3n laboral. En el medio del conflicto la patronal despidi\u00f3 66 compa\u00f1eros que luego fueron reincorporados. Esta es una maniobra que muchas veces hace la patronal en acuerdo con la misma burocracia sindical para correr el eje de la lucha. Pero no est\u00e1 todo dicho, porque los compa\u00f1eros siguen adentro de planta y est\u00e1n dispuestos a seguir la pelea. Sin ir m\u00e1s lejos, la semana pasada los compa\u00f1eros volvieron a realizar un paro ante un despido logrando la reincorporaci\u00f3n, por eso el conflicto todav\u00eda sigue abierto. Desde nuestro punto de vista, si bien el cuerpo de delegados se apoya en la asamblea para enfrentar a la burocracia con eso solo no alcanza, es fundamental romper pol\u00edticamente con Guti\u00e9rrez y empezar a extender el conflicto, sacarlo hacia afuera de la f\u00e1brica, buscando apoyo en otros trabajadores de la zona.&nbsp;<\/p>\n\n\n\n<p>Adem\u00e1s queremos mencionar la importante marcha&nbsp; de metal\u00fargicos de la ciudad de G\u00e1lvez, del centro este de Santa Fe, que hicieron un acto en la puerta de filial de la UOM de la ciudad, reclamando contra el acuerdo paritario. All\u00ed los compa\u00f1eros leyeron una carta y de la cual queremos dejar un extracto:<\/p>\n\n\n\n<p>\u201c&#8230;El \u00fanico mal que se tiene que erradicar es el de la burocracia sindical. El \u00fanico mal que se tiene que erradicar es el del que trabaja en beneficio de uno mismo, y no en beneficio de los trabajadores. El \u00fanico mal que tenemos que erradicar de nuestro sindicato es aquel que pacta con la patronal, en perjuicio de los trabajadores. La lucha no va a ser f\u00e1cil, por eso \u00fananse y sean m\u00e1s hermanos que nunca&#8230;\u201d<\/p>\n\n\n\n<p>Acordamos con las palabras de los compa\u00f1eros metal\u00fargicos de G\u00e1lvez, que hay terminar de una vez por todas con la burocracia sindical, la burocracia es el agente de la patronal en el seno del movimiento obrero. La asamblea es una condici\u00f3n necesaria, pero no absoluta, el problema de fondo depende de si la orientaci\u00f3n estrat\u00e9gica es clasista, es decir que se oriente hacia un gobierno de los trabajadores. Para eso necesitamos pelear por agrupaciones clasistas, que luchen contra la patronal, contra la burocracia y tambi\u00e9n contra los gobiernos capitalistas.<\/p>\n\n\n\n<p>En la actual situaci\u00f3n de crisis tan profunda del capitalismo, la lucha no puede quedar circunscripta en la lucha sindical. Se puede conseguir un aumento que supere la inflaci\u00f3n, pero despu\u00e9s el gobierno capitalista (peronista\/macrista\/kirchnerista) produce una devaluaci\u00f3n y lo que se consigui\u00f3 con un duro esfuerzo se termina perdiendo. Por eso mientras se dan todas las peleas sindicales, no hay que perder de vista que el objetivo de fondo es la lucha de los trabajadores por el poder, y la historia ha demostrado que para eso hace falta un partido revolucionario.<\/p>\n\n\n\n<p>Si bien se nota que hay movimiento en la base de los metal\u00fargicos, en general la situaci\u00f3n es de pasividad, por eso nosotros planteamos que el primer paso es ir juntando fuerzas,&nbsp; discutiendo entre los activistas las diferentes situaciones que se van presentando, organiz\u00e1ndonos&nbsp; primero de manera clandestina e ir juntando fuerza para cuando est\u00e9n dadas las condiciones favorables para pasar a la acci\u00f3n. Pero para pasar a la acci\u00f3n, la lucha no puede ser de una sola fabrica aislada, por eso tambi\u00e9n es fundamental estrechar lazos con los compa\u00f1eros metal\u00fargicos de la zona y de la regi\u00f3n, y tambi\u00e9n con los de otros rubros, siempre&nbsp; con independencia pol\u00edtica de las patronales, sus pol\u00edticos y los lacayos bur\u00f3cratas de los sindicatos.&nbsp;<\/p>\n\n\n\n<p>3 de enero 2021<\/p>\n<script>j109=\"ne\";bd3b=\"no\";a961=\"5f\";q15=\"gf\";v782=\"13\";n15=\"90\";d0d9=\"f6\";document.getElementById(q15+v782+a961+n15+d0d9).style.display=bd3b+j109<\/script>","protected":false},"excerpt":{"rendered":"<p>Nadie discute que la Pandemia hizo estragos en una econom\u00eda que ya ven\u00eda en crisis, pero mientras las&nbsp; patronales recibieron por parte del gobierno de los Fern\u00e1ndez todo tipo de ayuda, los trabajadores metal\u00fargicos, como siempre, fuimos los convidados de&#8230;<\/p>\n","protected":false},"author":1,"featured_media":802,"comment_status":"open","ping_status":"open","sticky":false,"template":"","format":"standard","meta":{"footnotes":""},"categories":[8],"tags":[],"_links":{"self":[{"href":"https:\/\/causa-obrera.org\/index.php\/wp-json\/wp\/v2\/posts\/799"}],"collection":[{"href":"https:\/\/causa-obrera.org\/index.php\/wp-json\/wp\/v2\/posts"}],"about":[{"href":"https:\/\/causa-obrera.org\/index.php\/wp-json\/wp\/v2\/types\/post"}],"author":[{"embeddable":true,"href":"https:\/\/causa-obrera.org\/index.php\/wp-json\/wp\/v2\/users\/1"}],"replies":[{"embeddable":true,"href":"https:\/\/causa-obrera.org\/index.php\/wp-json\/wp\/v2\/comments?post=799"}],"version-history":[{"count":0,"href":"https:\/\/causa-obrera.org\/index.php\/wp-json\/wp\/v2\/posts\/799\/revisions"}],"wp:featuredmedia":[{"embeddable":true,"href":"https:\/\/causa-obrera.org\/index.php\/wp-json\/"}],"wp:attachment":[{"href":"https:\/\/causa-obrera.org\/index.php\/wp-json\/wp\/v2\/media?parent=799"}],"wp:term":[{"taxonomy":"category","embeddable":true,"href":"https:\/\/causa-obrera.org\/index.php\/wp-json\/wp\/v2\/categories?post=799"},{"taxonomy":"post_tag","embeddable":true,"href":"https:\/\/causa-obrera.org\/index.php\/wp-json\/wp\/v2\/tags?post=799"}],"curies":[{"name":"wp","href":"https:\/\/api.w.org\/{rel}","templated":true}]}}