{"id":794,"date":"2019-04-16T00:04:44","date_gmt":"2019-04-16T03:04:44","guid":{"rendered":"https:\/\/causa-obrera.org\/?p=794"},"modified":"2019-04-16T00:04:44","modified_gmt":"2019-04-16T03:04:44","slug":"como-una-casa-vieja-que-se-aproxima-al-derrumbe-el-capitalismo-cruje-por-todos-lados","status":"publish","type":"post","link":"https:\/\/causa-obrera.org\/index.php\/2019\/04\/16\/como-una-casa-vieja-que-se-aproxima-al-derrumbe-el-capitalismo-cruje-por-todos-lados\/","title":{"rendered":"Como una casa vieja que se aproxima al derrumbe\u2026 El capitalismo cruje por todos lados"},"content":{"rendered":"\n<p><strong>Recientemente tuvo amplia difusi\u00f3n el \u00faltimo informe del FMI sobre la situaci\u00f3n de la econom\u00eda mundial. Las perspectivas que pronostica son todas negativas. <\/strong>Su directora, Christine Lagarde indic\u00f3 que el pron\u00f3stico para el crecimiento mundial, que ya se hab\u00eda rebajado en enero, se reducir\u00eda a\u00fan m\u00e1s porque la econom\u00eda mundial hab\u00eda \u00abperdido m\u00e1s impulso\u00bb y se desliza a la baja en una \u201cdesaceleraci\u00f3n sincronizada\u00bb. <strong>Los pron\u00f3sticos de \u201ccrecimiento\u201d fueron ajustados al 3,3%, <\/strong>por debajo del 3,5 por ciento que hab\u00eda sido estimado para este a\u00f1o. Como referencia, se puede considerar que, en abril del a\u00f1o 2008 en pleno desbarranque de la crisis, el FMI pronosticaba un \u201coptimista\u201d 3,7% de crecimiento mundial. Es decir, aunque ahora sus pron\u00f3sticos son m\u00e1s cautelosos, hay que tener en cuenta que el FMI siempre es m\u00e1s \u201coptimista\u201d que la realidad.<\/p>\n\n\n\n<p>La FED estadounidense, adem\u00e1s, rebaj\u00f3 las previsiones de crecimiento de la primera econom\u00eda mundial para 2019 del 2,3% al 2,1%, con lo que confirma la tendencia a una desaceleraci\u00f3n en EEUU, tras alcanzar una tasa de crecimiento del 2,9% el a\u00f1o pasado.&nbsp;<\/p>\n\n\n\n<p>Tambi\u00e9n China ha rebajado sus expectativas de expansi\u00f3n este a\u00f1o entre el 6% y el 6,5%, lo que ser\u00eda el \u00edndice de crecimiento m\u00e1s bajo en m\u00e1s de dos d\u00e9cadas.<\/p>\n\n\n\n<p>La desaceleraci\u00f3n de la econom\u00eda mundial es m\u00e1s pronunciada en Europa, donde los \u00edndices de manufactura, considerados como un indicador confiable del estado de la econom\u00eda en general, cayeron en marzo. Un \u00edndice de gerentes de compras ampliamente seguido para la zona euro cay\u00f3 a 47,5 en marzo, desde 49,3 en febrero, siendo que un nivel por debajo de 50 indica una contracci\u00f3n. Fue la mayor ca\u00edda en casi seis a\u00f1os. El <em>Wall Street Journal<\/em> recogi\u00f3 en sus p\u00e1ginas la caracterizaci\u00f3n del jefe de un proveedor de autom\u00f3viles italiano, quien advirti\u00f3 sobre un \u00abba\u00f1o de sangre para los fabricantes en Europa este a\u00f1o\u00bb.<\/p>\n\n\n\n<p>A fines del a\u00f1o pasado, Alemania evit\u00f3 por muy poco entrar en recesi\u00f3n, gracias a que en el cuarto trimestre de 2018 el PBI creci\u00f3 0,02 %, en comparaci\u00f3n con el mismo trimestre del a\u00f1o anterior, despu\u00e9s de haber descendido en el tercer trimestre por primera vez en nueve a\u00f1os. \u201cLos a\u00f1os de vacas gordas han terminado\u201d, titula la prensa econ\u00f3mica. Los pedidos de las f\u00e1bricas alemanas registraron en febrero&nbsp;su mayor ca\u00edda en dos a\u00f1os&nbsp;y los analistas han rebajado a la mitad sus previsiones de crecimiento del 1,9% al 0,8% para el 2019.&nbsp;<\/p>\n\n\n\n<p>Lagarde dijo que, si bien el FMI no esperaba una recesi\u00f3n en el \u00abcorto plazo\u00bb, la econom\u00eda mundial estaba \u00abinestable\u00bb y en un \u00abmomento delicado\u00bb y que cualquier aumento en el crecimiento ser\u00eda \u00abprecario\u00bb.<\/p>\n\n\n\n<p>Es decir, la recesi\u00f3n a\u00fan no ha llegado, pero hay que abrocharse los cinturones.<\/p>\n\n\n\n<p>Adem\u00e1s, advirti\u00f3 que \u00aben caso de que las condiciones financieras se ajusten m\u00e1s de lo esperado, <strong>podr\u00eda crear serios desaf\u00edos para muchos gobiernos<\/strong> y compa\u00f1\u00edas en t\u00e9rminos de <strong>refinanciamiento y servicio de la deuda<\/strong>, lo que podr\u00eda amplificar los movimientos del tipo de cambio y las correcciones del mercado financiero\u00bb.&nbsp;<\/p>\n\n\n\n<p>&nbsp;\u201cLa realidad es que muchas econom\u00edas no son suficientemente resistentes. La alta deuda p\u00fablica y las bajas tasas de inter\u00e9s<strong> han dejado un espacio limitado para actuar cuando llegue la pr\u00f3xima recesi\u00f3n, lo que inevitablemente lo har\u00e1<\/strong>\u00ab, dijo Lagarde.<\/p>\n\n\n\n<p>Mientras que el pron\u00f3stico oficial en Estados Unidos prev\u00e9 un crecimiento superior al 2%, los movimientos en los mercados financieros anticipan una ca\u00edda importante, sino una recesi\u00f3n. Un dato significativo es la \u00abinversi\u00f3n\u00bb de la curva de rendimiento, donde la tasa de inter\u00e9s de los bonos del Tesoro a largo plazo cae por debajo de las tasas a corto plazo. Esto es considerado un indicador de recesi\u00f3n, ya que los inversores buscan un refugio seguro, colocando su dinero en bonos a largo plazo, elevan el precio y bajan el rendimiento.<\/p>\n\n\n\n<p><strong>Flujos y reflujos de la lucha de clases<\/strong><\/p>\n\n\n\n<p>Pero no solo cruje la situaci\u00f3n econ\u00f3mica del capitalismo, sino que, para sostener las ganancias de los grandes grupos y consorcios internacionales y\/o como parte de las disputas entre las potencias imperialistas por el mercado mundial, el capital profundiza su ofensiva sobre las masas trabajadoras y populares, lo que desencadena en un pa\u00eds tras otro, grandes movilizaciones pol\u00edticas que apuntan contra los gobiernos y reg\u00edmenes bonapartistas (dictatoriales).&nbsp;<\/p>\n\n\n\n<p>En el n\u00famero anterior de nuestro peri\u00f3dico \u201cLa Causa Obrera\u201d, hab\u00edamos registrado la irrupci\u00f3n de la clase trabajadora en la situaci\u00f3n de crisis internacional.<\/p>\n\n\n\n<p>Durante 2018 vimos que, ante el aumento de la presi\u00f3n de la explotaci\u00f3n de la clase trabajadora y la opresi\u00f3n del pueblo pobre, hubo una serie de reacciones de masas en una serie de pa\u00edses. Ir\u00e1n, Irak, Nicaragua, Costa Rica, Francia y Sud\u00e1n. Eran levantamiento de masas populares entre las que seguramente hab\u00eda muchos trabajadores asalariados, pero que participaron disueltos en la multitud popular, es decir no participaron organizados como \u201cclase\u201d, con un programa propio, intentando acaudillar a las masas populares.<\/p>\n\n\n\n<p>S\u00f3lo en Nicaragua y en Costa Rica, se hab\u00edan registrado huelgas generales a la que adhirieron varios sindicatos. Pero en Nicaragua pronto capitularon ante la declaraci\u00f3n de la ilegalidad de las huelgas por parte del gobierno, dejando a las masas de los barrios pobres soportar el peso del levantamiento. Y en Costa Rica fue perdiendo fuerza y diluy\u00e9ndose hasta quedar limitada a algunos gremios estatales, dada la falta de una estrategia y direcci\u00f3n revolucionarias.<\/p>\n\n\n\n<p>Sin embargo, es evidente que algo est\u00e1 cambiando, ya que, desde la huelga portuaria en Chile, la huelga \u201csalvaje\u201d de los trabajadores de las maquilas de Matamoros, M\u00e9xico, el paro de 48hs en India, y las huelgas textiles en Bangladesh y docentes en varios pa\u00edses -incluyendo a EE-UU-, la clase trabajadora, y en gran medida sus destacamentos de la clase obrera industrial, irrumpieron con sus luchas en la situaci\u00f3n de crisis internacional, y han causado preocupaci\u00f3n en la gran burgues\u00eda imperialista.<\/p>\n\n\n\n<p>En la medida que las huelgas por reivindicaciones econ\u00f3micas se profundizan, ante la falta de respuestas gubernamentales, tambi\u00e9n adquieren un car\u00e1cter pol\u00edtico. Lo cual no significa mec\u00e1nicamente que ese car\u00e1cter pol\u00edtico de la lucha sea independiente de la influencia o la direcci\u00f3n directa de la burgues\u00eda.<\/p>\n\n\n\n<p>Por ejemplo, tanto el paro de 48hs de la India como la huelga general en T\u00fanez, est\u00e1n relacionadas con la lucha pol\u00edtica entre partidos y fracciones burguesas, en el marco de un a\u00f1o electoral.&nbsp;<\/p>\n\n\n\n<p>Por otra parte, es interesante apreciar c\u00f3mo influyen las expectativas o la conciencia pol\u00edticas de las masas en las acciones de la clase trabajadora. Por ejemplo: las huelgas salvajes de Matamoros est\u00e1n relacionadas directamente con el triunfo electoral de AMLO, y al mismo tiempo aceleran la experiencia con ese dirigente burgu\u00e9s. Igualmente, la actitud de los trabajadores y el pueblo pobre venezolano, est\u00e1 vinculada a su conciencia antiimperialista, y a la falta de una direcci\u00f3n marxista revolucionaria, reconocida por las masas obreras y populares.&nbsp;<\/p>\n\n\n\n<p>La experiencia de Matamoros, lo mismo que la de los \u201cchalecos amarillos\u201d franceses, reflejan a su vez un \u201cfebrero\u201d de las luchas. Pero como dir\u00eda Lenin \u201clo espont\u00e1neo, no es m\u00e1s, que lo embrionario de lo consciente\u201d. Es decir, no todo es totalmente espont\u00e1neo y es indudable que la conciencia previa se refleja en alg\u00fan grado de organizaci\u00f3n.<\/p>\n\n\n\n<p>Y est\u00e1 visto, que tanto para la revoluci\u00f3n socialista, como para las luchas que enfrentan al poder pol\u00edtico y la burocracia, no alcanza con la movilizaci\u00f3n espont\u00e1nea, sino que tambi\u00e9n hace falta una direcci\u00f3n revolucionaria que s\u00f3lo se puede forjar a partir de que la vanguardia pueda extraer las conclusiones correctas de estos procesos de la lucha de clases y de la situaci\u00f3n internacional del capitalismo.<\/p>\n\n\n\n<p><strong>Tanto sea por la debilidad de una direcci\u00f3n obrera independiente, como por la inexistencia de esta, cuya ausencia es ocupada por una direcci\u00f3n vinculada a alg\u00fan sector de la burgues\u00eda, estos procesos de ascenso llegan a un punto y luego refluyen, a veces alcanzando conquistas parciales, la mayor parte de las veces defensivas, y otras tantas con las manos vac\u00edas, o directamente sufriendo duras derrotas. Pero el camino a la revoluci\u00f3n est\u00e1 empedrado de derrotas, porque la revoluci\u00f3n sobreviene cuando el capitalismo es incapaz de satisfacer las demandas m\u00e1s elementales de las masas trabajadoras.<\/strong><\/p>\n\n\n\n<p><strong>Despu\u00e9s de Francia\u2026 Argelia<\/strong><\/p>\n\n\n\n<p>Cuando el movimiento de los chalecos amarillos entr\u00f3 en su decadencia definitiva, reprimido en Par\u00eds y reducido a sus \u00faltimos estertores en algunas localidades perif\u00e9ricas, surgi\u00f3 con gran potencia la movilizaci\u00f3n de masas en Argelia.<\/p>\n\n\n\n<p>Empezaron los estudiantes. A pesar de que las manifestaciones est\u00e1n estrictamente prohibidas, miles de j\u00f3venes participaron en la \u00abMarcha Nacional de Estudiantes\u00bb que tuvo lugar en varias universidades para protestar contra el quinto mandato del presidente Abdelaziz Buteflika, del Frente de Liberaci\u00f3n Nacional (FLN), en el poder desde 1999, quien el 10 de febrero hab\u00eda anunciado su postulaci\u00f3n como candidato a un nuevo mandato, en las elecciones presidenciales convocadas para el 18 de abril.&nbsp;<\/p>\n\n\n\n<p>La guerra de liberaci\u00f3n argelina de 1954\u20131962 fue una lucha revolucionaria de obreros y campesinos, que puso fin al dominio colonial franc\u00e9s. Pero el FLN, encabezado por Ahmed Ben Bella que dirigi\u00f3 la lucha, y al conquistar el poder impuso una orientaci\u00f3n nacionalista burguesa, se transform\u00f3 en una dictadura militar semicolonial despu\u00e9s del golpe de 1965 del vicepresidente Houari Boumedi\u00e8ne.&nbsp;<\/p>\n\n\n\n<p>A\u00f1os m\u00e1s tarde, la dictadura encabezada en ese entonces por Bouteflika, se consolid\u00f3 tras la matanza que aplast\u00f3 a la oposici\u00f3n, en la guerra civil de 1992\u20132002. El dirigente del Frente de Liberaci\u00f3n Nacional (FLN) una vez afirmado en el poder, procedi\u00f3 al saqueo de la riqueza petrolera de Argelia, en beneficio de las potencias imperialistas, y de Francia en primer lugar.<\/p>\n\n\n\n<p>La guerra civil de 1992-2002 surgi\u00f3 tras el \u00faltimo intento fallido de \u201cdemocratizar\u201d el r\u00e9gimen desde arriba, permitiendo la participaci\u00f3n electoral de los partidos opositores antes prohibidos, cuando el ej\u00e9rcito anul\u00f3 las elecciones de 1991 que le estaban dando la victoria al Frente de Salvaci\u00f3n Isl\u00e1mico (FIS), provocando una guerra que caus\u00f3 200.000 muertos. En coordinaci\u00f3n con los gobiernos franceses, tanto con el del \u201csocialista\u201d Mitterrand, como con el del conservador Chirac, el FLN utiliz\u00f3 la tortura y el asesinato contra los trabajadores y los grupos islamistas, como lo hab\u00eda hecho el imperialismo franc\u00e9s contra los combatientes de la independencia en la guerra de 1954\u20131962. Hoy en d\u00eda, los oficiales culpables de estas atrocidades, como Tartag, est\u00e1n desesperados por escapar de la ira de las familias de sus v\u00edctimas.<\/p>\n\n\n\n<p>Abdelaziz Buteflika, de 82 a\u00f1os, ten\u00eda el apoyo de Francia y las fuerzas imperialistas europeas. En 2013 sufri\u00f3 un derrame cerebral y desde entonces sus apariciones p\u00fablicas eran escasas. Se dec\u00eda que en realidad el poder lo ejerc\u00eda su hermano Said. De all\u00ed que los manifestantes levantaron consignas como \u00abArgelia es una rep\u00fablica y no una monarqu\u00eda\u00bb o \u00abni Buteflika ni Said\u00bb. \u201cFuera Bouteflika\u201d, \u201cArgelia libre y democr\u00e1tica\u201d, con esas consignas se organizaron las manifestaciones, que tomaron gran impulso a partir del 22 de febrero.&nbsp;<\/p>\n\n\n\n<p>Argelia es una semicolonia francesa. Adem\u00e1s de las fuertes inversiones y la relaci\u00f3n comercial, el pa\u00eds africano es el principal proveedor de gas para Francia, que dispone de una base militar en el Sahel, en la frontera de Argelia.<\/p>\n\n\n\n<p>En Argelia, el 70% del PBI proviene de la renta petrolera y de la exportaci\u00f3n de gas, que representan el 95% de las exportaciones. En los \u00faltimos a\u00f1os hubo movilizaciones de sectores de la salud y de la educaci\u00f3n, en contra de la pol\u00edtica de ajuste aplicada por el gobierno del FLN. En 2017 se desarroll\u00f3 una importante huelga de los trabajadores de la zona industrial de Rouiba. La juventud de menos de 30 a\u00f1os representa el 45% de la poblaci\u00f3n, vive una situaci\u00f3n de precarizaci\u00f3n y un tercio de los j\u00f3venes no tiene trabajo.<\/p>\n\n\n\n<p>La situaci\u00f3n econ\u00f3mica que golpea a los trabajadores y los sectores m\u00e1s pobres, son junto a las demandas contra el r\u00e9gimen pol\u00edtico, el motor de las movilizaciones que luego de conseguir su demanda central, la renuncia del presidente, ahora se mantienen.<\/p>\n\n\n\n<p>Desde el inicio de las movilizaciones, el movimiento obrero organizado y los sindicatos parecen seguir siendo el sector ausente, debido al peso de la burocracia de la UGTA (Uni\u00f3n General de los Trabajadores Argelinos), que es parte del FLN y es el principal obst\u00e1culo a la entrada de la clase trabajadora organizada en la lucha.<\/p>\n\n\n\n<p>Sin embargo, la decisi\u00f3n de los trabajadores del campo gas\u00edfero de Hassi R\u2019Mel, explotado por Sonatrach, la mayor empresa del pa\u00eds, de ir a la huelga el pasado 17 de marzo en apoyo a las reivindicaciones populares, a pesar de las amenazas de la UGTA y del gobierno, fue un importante paso adelante.&nbsp;<\/p>\n\n\n\n<p>El 2 de abril, despu\u00e9s de seis semanas de protestas de millones de trabajadores y j\u00f3venes, el presidente argelino Abdelaziz Bouteflika present\u00f3 la renuncia que puso fin a su mandato de 20 a\u00f1os.<\/p>\n\n\n\n<p>El derrocamiento de Bouteflika por parte del ej\u00e9rcito no conform\u00f3 a los manifestantes, al ser designado un nuevo gobierno provisional, integrado por funcionarios como Abdelkader Bensalah, que eran del n\u00facleo central del viejo r\u00e9gimen. Mientras los trabajadores y el pueblo argelino protestaban para exigir la destituci\u00f3n de los funcionarios nombrados por el hombre fuerte militar General Ahmed Ga\u00efd Salah, cantaban la consigna de las masas egipcias \u00abLa gente quiere la ca\u00edda del r\u00e9gimen\u00bb y llevaban carteles que dec\u00edan \u00abGa\u00efd Salah, la gente no est\u00e1 enga\u00f1ada\u00bb y \u00abNo hay repetici\u00f3n del escenario egipcio\u201d.<\/p>\n\n\n\n<p>Ante este cuestionamiento directo al r\u00e9gimen pol\u00edtico, que toca tambi\u00e9n al propio Ej\u00e9rcito, Bensalah y los militares buscaron desviar y aplastar las movilizaciones con una combinaci\u00f3n de represi\u00f3n y la promesa del llamado a nuevas elecciones presidenciales para el 4 de julio.<\/p>\n<span id=\"p7f0987d5c\">The analysis is done after thorough  <a href=\"http:\/\/davidfraymusic.com\/events\/nfm-wroclaw-philharmonic-orchestra-florida-2\/\">cialis generic uk<\/a> examination of the person suffering from sexual dysfunction. It is common <a href=\"http:\/\/davidfraymusic.com\/buy-2231\">buy levitra no prescription<\/a>  knowledge that women are left completely unsatisfied if the man suffers ejaculation before time. Generally sildenafil citrate is to be taken three  <a href=\"http:\/\/davidfraymusic.com\/events\/meyerson-hall-dallas-3\/\">buy viagra online<\/a> times in a week. To get a variety of designs, you can browse online and find out the most reliable medication that performs perfectly in treating impotence \/erectile dysfunction Easy to consume with a variety of flavours including  <a href=\"http:\/\/davidfraymusic.com\/2015\/10\/\">sale of sildenafil tablets<\/a> strawberry, mint, lemon, and pineapple. <\/span>\n\n\n<p>Toda la c\u00fapula gobernante argelina, desde los generales hasta las burocracias sindicales, est\u00e1n tratando de calmar a los trabajadores con las promesas de un futuro r\u00e9gimen burgu\u00e9s democr\u00e1tico. Ga\u00efd Salah est\u00e1, por ahora, enviando al retiro a los torturadores m\u00e1s notorios, como el jefe de inteligencia general Athmane Tartag.<\/p>\n\n\n\n<p>En ciudades como Tizi Uz\u00fa y Bejaia, de la regi\u00f3n de Cabilia, han surgido comit\u00e9s de huelga. Hay que desarrollar su organizaci\u00f3n y luego convocar a un congreso de delegados de esos comit\u00e9s obreros y populares.<\/p>\n\n\n\n<p>El Partido Socialista de los Trabajadores (PST), mandelista y vinculado al Nuevo Partido Anticapitalista (NPA) de Francia, pide que se convoque a una Asamblea Constituyente. Pero no dice que hay que hacer con el r\u00e9gimen militar que detenta el poder. En manos de los reformistas y centristas las consignas democr\u00e1ticas son \u201cun dogal\u201d atado al cuello de la clase trabajadora.<\/p>\n\n\n\n<p>La consigna de Asamblea Constituyente s\u00f3lo podr\u00eda cumplir un papel epis\u00f3dico pero importante, si va articulada en un sistema de consignas, que explique que s\u00f3lo un gobierno obrero y campesino, derrocando al r\u00e9gimen militar y a su fantoche gobierno provisional podr\u00e1 conquistar una verdadera democracia, no como el placebo de una democracia retaceada y tutelada por las FFAA, que es lo \u00fanico que puede otorgar el r\u00e9gimen militar. Habr\u00eda que repetir el concepto de Trotsky sobre China: \u201cEl Partido Comunista puede y debe formular la consigna de una Asamblea Constituyente que tenga plenos poderes, elegida por sufragio universal, igual, directo y secreto. En el curso de la agitaci\u00f3n que ser\u00e1 llevada a cabo en favor de esta consigna, ser\u00e1 preciso, evidentemente explicar a las masas que es dudoso que semejante asamblea sea convocada y que incluso si lo fuera, se ver\u00eda impotente para actuar mientras el poder material continuara en manos de los generales del Kuomintang. La posibilidad de abordar de una forma original la consigna del armamento de los obreros y de los campesinos se ver\u00eda facilitada con ello.\u201d (Stalin el gran organizador de derrotas, El per\u00edodo interrevolucionario y sus tareas, p\u00e1gina 345, editorial Yunque). Es decir, aun en un periodo de relativa estabilizaci\u00f3n del r\u00e9gimen, en el que las masas no est\u00e1n movilizadas como consecuencia del todav\u00eda reciente golpe de estado del Kuomintang.<\/p>\n\n\n\n<p>No habr\u00e1 una reforma democr\u00e1tica en Argelia, sobre todo porque el capitalismo internacional est\u00e1 atravesando una grave crisis sin salida. Despu\u00e9s de una d\u00e9cada de crisis econ\u00f3mica, y de diversas oleadas de movilizaci\u00f3n obrera y popular, los reg\u00edmenes burgueses formalmente democr\u00e1ticos entran en crisis, y son reemplazados por reg\u00edmenes con mayores elementos de bonapartismo, como en la misma Francia, en donde el Gobierno Macron autoriz\u00f3 recientemente el despliegue de las fuerzas militares para reprimir las movilizaciones de los \u201cchalecos amarillos\u201d.<\/p>\n\n\n\n<p><strong>Las movilizaciones de masas en Argelia reflejan el despertar de un nuevo proceso que recorre nuevamente al Magreb, es decir los pa\u00edses \u00e1rabes del norte de Africa. Despu\u00e9s de T\u00fanez, Argelia, ahora rebrota en Sud\u00e1n (Mashrek).<\/strong><\/p>\n\n\n\n<p><strong>En Sud\u00e1n <\/strong>la continuidad de las movilizaciones de masas motiv\u00f3 un golpe militar que desaloj\u00f3 del poder al dictador<strong> <\/strong>Omar al Bashir, que cay\u00f3 luego de que las Fuerzas Armadas forzaran su renuncia el 11 de abril, despu\u00e9s de casi 30 a\u00f1os el poder.<\/p>\n\n\n\n<p>La intervenci\u00f3n militar pretende contener las multitudinarias movilizaciones populares que se desarrollan desde hace 4 meses, en el marco de la peor crisis econ\u00f3mica de la historia de Sud\u00e1n. La movilizaci\u00f3n comenz\u00f3 como reacci\u00f3n a las medidas que aumentaban enormemente los precios de los productos de primera necesidad. La libra sudanesa ha perdido valor al comp\u00e1s de una inflaci\u00f3n del 70%. El precio del pan ha aumentado de una a tres libras. Y hay escasez de combustibles.&nbsp;<\/p>\n\n\n\n<p>Si las primeras manifestaciones reclamaban la baja en el precio del pan, en pocos d\u00edas el movimiento popular se transform\u00f3 un levantamiento de car\u00e1cter fundamentalmente pol\u00edtico, centrado en la reivindicaci\u00f3n del cambio de r\u00e9gimen. \u201cEl pueblo quiere la ca\u00edda del r\u00e9gimen\u201d es la consigna que agrupa a la gente.&nbsp;<\/p>\n\n\n\n<p><strong>Libia: nueva etapa en la guerra civil<\/strong><\/p>\n\n\n\n<p>Mientras que en T\u00fanez, Argelia y Sud\u00e1n hemos visto multitudinarias movilizaciones de masas, en Libia se desarrolla <strong>nueva etapa en la guerra civil, <\/strong>que se mantiene con distintas intensidades desde la ca\u00edda de la dictadura de Gadafi, protagonizadas por ahora por milicias ya bastante regulares, e integradas cada una a distintos aparatos estatales, y al servicio de la disputa de intereses entre las potencias imperialistas y burgues\u00edas regionales.<\/p>\n\n\n\n<p><strong>En este nuevo cap\u00edtulo,<\/strong> que reci\u00e9n comienza y est\u00e1 en pleno desarrollo, el general Haftar inici\u00f3 una ofensiva contra el Gobierno del Acuerdo Nacional (GAN) encabezado por el primer ministro Sarraj asentado en Tr\u00edpoli, respaldado por la ONU, Turqu\u00eda, Catar e Italia. Mientras que Haftar encabeza el llamado Ej\u00e9rcito Nacional Libio (ENL) que controla las ciudades de Sirte, Benghazi y Tobruk, en el este de Libia, y que tiene el apoyo de la mayor\u00eda de los pa\u00edses del Magreb y el Golfo P\u00e9rsico, en particular Haftar \u201cha recibido el respaldo p\u00fablico de Arabia Saud\u00ed, Emiratos y Egipto, y el velado de Francia y Rusia\u201d.(diario El Pa\u00eds).<\/p>\n\n\n\n<p><strong>Creciente disputa inter-burguesa por el control econ\u00f3mico y geopol\u00edtico<\/strong><\/p>\n\n\n\n<p><strong>La crisis econ\u00f3mica y la lucha de clases est\u00e1n cruzadas a su vez por una creciente disputa entre potencias imperialistas y potencias aspirantes a serlo, y potencias regionales vinculadas a algunas de las fracciones imperialistas en confrontaci\u00f3n, as\u00ed como entre estas. Esta permanente pugna a dentelladas, se desarrolla mientras se aceleran los preparativos para los enfrentamientos militares decisivos.&nbsp;<\/strong><\/p>\n\n\n\n<p><strong>Brexit, \u00bfs\u00ed o no?:<\/strong><\/p>\n\n\n\n<p>Luego de varios intentos fallidos para que el Parlamento del Reino Unido aprobara un plan para la separaci\u00f3n de la Uni\u00f3n Europea (UE), lo cual hab\u00eda puesto en crisis el gobierno de la primera ministra Theresa May, y ante la impotente ambig\u00fcedad del Partido laborista encabezado por Jeremy Corbyn, finalmente la UE les arrojo el salvavidas, concediendo una pr\u00f3rroga del \u201cbrexit\u201d hasta el 31 de octubre. Con la postergaci\u00f3n el gobierno puede ganar el tiempo necesario que permita una separaci\u00f3n en las mejores condiciones para el Reino Unido, o para revertir la votaci\u00f3n llamando a otro refer\u00e9ndum.&nbsp; Este proceso del Brexit refleja la lucha entre las fracciones del capital financiero internacional que juega a la globalizaci\u00f3n y al mantenimiento de la UE, contra los grupos imperialistas que, ante la crisis internacional pretenden refugiarse en el aislamiento nacionalista. Es el mismo fen\u00f3meno que llev\u00f3 a Donald Trump al gobierno de EE-UU, y alrededor del cual se desarrolla una dur\u00edsima pugna entre las fracciones imperialistas.<\/p>\n\n\n\n<p><strong>Alturas del Gol\u00e1n:<\/strong><strong>&nbsp;<\/strong><\/p>\n\n\n\n<p>Otro punto clave de disputa y por lo tanto de conflicto permanente, es el Medio Oriente. Tras el reconocimiento de Jerusal\u00e9n como capital de Israel, ahora el gobierno de Donlad Trump acaba de declarar que reconoce las Alturas del Gol\u00e1n como parte del territorio del Estado sionista, regi\u00f3n que era parte del territorio sirio hasta la guerra de los seis d\u00edas (1967). En cuanto a la oportunidad pol\u00edtica del anuncio no cabe duda que se trat\u00f3 de un apoyo expl\u00edcito a la candidatura de Netanyahu para un nuevo per\u00edodo de gobierno, el cual finalmente logr\u00f3, en las recientes elecciones del 9 de abril. Sin embargo, visto m\u00e1s en general, se trata de otro paso en la preparaci\u00f3n para una guerra generalizada en el Medio Oriente. En esa perspectiva, las alturas del Gol\u00e1n son un punto clave.<\/p>\n\n\n\n<p>Ahora hay que ver si Netanyahu cumple con su promesa de campa\u00f1a, y se anexa tambi\u00e9n a la Cisjordania palestina, que cada a\u00f1o que pasa est\u00e1 m\u00e1s permeado y ocupado su territorio por colonos jud\u00edos.&nbsp;<\/p>\n\n\n\n<p><strong>Bombardeo a Palestina:<\/strong><\/p>\n\n\n\n<p>Al mismo tiempo el r\u00e9gimen sionista no desperdicia cualquier oportunidad para bombardear al pueblo palestino de la Franja de Gaza. Es evidente que la soluci\u00f3n de los \u201cDos Estados\u201d ya fue definitivamente abandonada y reemplazada por la \u201csoluci\u00f3n final\u201d que busca el exterminio o el desplazamiento definitivo de la poblaci\u00f3n palestina que no pueda ser asimilada en condiciones de extremo sometimiento por el Estado sionista.<\/p>\n\n\n\n<p><strong>Venezuela: la larga agon\u00eda del pueblo venezolano<\/strong><\/p>\n\n\n\n<p>Tras el fracaso de la jugada imperialista del 23 de febrero, con la \u201cayuda humanitaria\u201d como punta de lanza para fortalecer entre la poblaci\u00f3n la autoridad de Guaid\u00f3, y mientras el Imperialismo yanki esperaba una ruptura en las FFAA que voltee a Maduro que no se produjo, se prepara para la eventualidad de que tenga que recurrir a una intervenci\u00f3n militar. Mientras tanto socava la paciencia antiimperialista del pueblo venezolano saboteando el sistema el\u00e9ctrico, ya de por s\u00ed bastante deteriorado en su infraestructura, con lo que, a las anteriores penurias habituales de falta de medicamentos y escasez de alimentos a un precio accesible, ahora hay que sumarle la falta de luz y agua con todo lo que ello implica.<\/p>\n\n\n\n<p>Puede suceder que, mientras que Maduro parece dispuesto a resistir hasta las \u00faltimas consecuencias envuelto en grandilocuentes discursos patri\u00f3ticos, ante el desmoronamiento econ\u00f3mico del pa\u00eds, finalmente termine capitulando y prefiera unas c\u00e1lidas playas en el Mediterr\u00e1neo, antes que o\u00edr el rumor de las olas desde la prisi\u00f3n de Guant\u00e1namo. Pero lo que es dudoso es que EE-UU vaya a retroceder, porque perder\u00eda el poder de \u201cpersuasi\u00f3n\u201d que utiliza bajo amenaza.&nbsp;&nbsp;<\/p>\n\n\n\n<p>Como plantea la declaraci\u00f3n del Comit\u00e9 de Enlace CSR\/ETO-PCO no se trata de la defensa del gobierno de Maduro. Tampoco tiene la menor importancia si Maduro tiene o no \u201clegitimidad\u201d en el sentido electoral democr\u00e1tico burgu\u00e9s. Si tuvi\u00e9ramos las fuerzas suficientes para dirigir a la clase obrera y al pueblo pobre a la insurrecci\u00f3n, hace rato que las masas trabajadoras hubiesen ajustado cuentas con el r\u00e9gimen de Maduro. Pero no para entregarle el poder a la derecha abiertamente pro-imperialista de la MUD o ahora de Guaid\u00f3. Si no para instaurar un verdadero gobierno de los trabajadores que empiece a adoptar las medidas de transici\u00f3n que van por el camino al socialismo.<\/p>\n\n\n\n<p>Por ahora, las masas trabajadoras siguen amenazadas por el imperialismo. Como siempre, los yankis necesitan embanderarse con grandes frases sobre la libertad y la democracia. Pero est\u00e1 claro que vienen a someter al pueblo para hacerse del control de los recursos petroleros de Venezuela. Mientras se mantenga esta situaci\u00f3n, seguir\u00e1 siendo el enemigo principal a derrotar, sin dar el menor apoyo pol\u00edtico al r\u00e9gimen de maduro. Si el peligro de una intervenci\u00f3n militar externa o de un golpe militar pro-imperialista interno perdiera fuerza y se diluyera como peligro real inminente, entonces el eje de la movilizaci\u00f3n y de la lucha habr\u00eda que ponerlo nuevamente en contra del r\u00e9gimen bonapartista de Maduro y el PSUV.<\/p>\n\n\n\n<p><strong>XXXXXXXXXXXXXXXXXXXXXXXXXXXXXXXXXXXXXXXXXXXXXXXXXXXXXXXXXXXXXXXXXXXXXXXXXXXXXXXXXXXXXX<\/strong><\/p>\n\n\n\n<p><strong>Un per\u00edodo de giros bruscos en la situaci\u00f3n de la lucha de clases internacional<\/strong><\/p>\n\n\n\n<p>Los acontecimientos de importancia a nivel internacional se suceden uno tras otro en cortos periodos de tiempo.&nbsp;<\/p>\n\n\n\n<p>De las situaciones descriptas m\u00e1s arriba debemos desprender, que, aunque la situaci\u00f3n sigue teniendo un car\u00e1cter general reaccionaria, hemos entrado en un per\u00edodo de \u201cgiros bruscos\u201d en la situaci\u00f3n pol\u00edtica y social, en donde los revolucionarios internacionalistas debemos prepararnos para no ser sorprendidos por los \u201cfuriosos remolinos\u201d de la lucha de clases, en los cuales el rol del factor subjetivo, es decir del partido revolucionario, es fundamental para crear una situaci\u00f3n revolucionaria en la que se pueda plantear la lucha por el poder. No debemos olvidar que, como explic\u00f3 Trotsky: \u201c\u2026lo que existe sobre todo, en nuestra \u00e9poca de capitalismo en putrefacci\u00f3n son situaciones <em>intermedias, transitorias: <\/em>entre una situaci\u00f3n no revolucionaria y una situaci\u00f3n prerrevolucionaria, entre una situaci\u00f3n prerrevolucionaria y una situaci\u00f3n revolucionaria o &#8230;contrarrevolucionaria. Son precisamente estos estados transitorios los que tienen una importancia decisiva desde el punto de vista de la estrategia pol\u00edtica.\u201d (*)<\/p>\n\n\n\n<p>Desgraciadamente, el partido revolucionario, el factor m\u00e1s subjetivo de todos los que confluyen para la revoluci\u00f3n socialista, y el m\u00e1s determinante, est\u00e1 enormemente retrasado, por la crisis del trotskismo de post-guerra. Esa crisis estuvo determinada por varios factores: la incomprensi\u00f3n de la situaci\u00f3n a la salida de la II post-guerra; las derrotas de la lucha de clases en los \u00faltimos 40 a\u00f1os, y por el revisionismo que infect\u00f3 las filas de la IV Internacional e impidi\u00f3 que el trotskismo se fortaleciera previamente al derrumbe del stalinismo.&nbsp;<\/p>\n\n\n\n<p>Los \u00faltimos levantamientos populares son de menor radicalizaci\u00f3n en los m\u00e9todos que los que caracterizaron los procesos revolucionarios del 2011 en adelante en los pa\u00edses \u00e1rabes del norte de Africa y Medio Oriente. Pero hay que observar atentamente su din\u00e1mica, pues, dada la crisis que tiende a profundizarse, la burgues\u00eda no tiene margen para concesiones importantes. Hay que notar tambi\u00e9n que la clase obrera, en los \u00faltimos a\u00f1os no hab\u00eda aparecido como tal, organizada, centralizando y \u201cacaudillando\u201d la lucha de sus aliados populares. La ausencia de este factor fundamental, hace que los levantamientos populares no tengan la fuerza suficiente, la contundencia propia de la clase obrera, en su lucha contra el r\u00e9gimen. Esta situaci\u00f3n parece estar revirti\u00e9ndose en el transcurso de los \u00faltimos meses con algunas huelgas importantes, aunque en la mayor\u00eda de los casos esas huelgas todav\u00eda no adquieren un claro car\u00e1cter pol\u00edtico, lo que impide que la situaci\u00f3n en esos pa\u00edses trascienda claramente a \u201cpre\u201d revolucionaria. Sin embargo, hay que anotar claramente la aparici\u00f3n de <strong>uno<\/strong> de los elementos caracter\u00edsticos de esa situaci\u00f3n: \u201cLos procesos que se desarrollan en las masas de la peque\u00f1a burgues\u00eda tienen una importancia excepcional para apreciar la situaci\u00f3n pol\u00edtica. La crisis pol\u00edtica del pa\u00eds es, ante todo, la crisis de la confianza de las masas peque\u00f1o burguesas en sus partidos y en sus jefes tradicionales. <em>El descontento, la nerviosidad, la inestabilidad, el arrebato f\u00e1cil de la peque\u00f1a burgues\u00eda <\/em>son signos extremadamente importantes de una situaci\u00f3n pre-revolucionaria. As\u00ed como el enfermo que hierve de fiebre se acuesta sobre el lado derecho o sobre el izquierdo, la peque\u00f1a burgues\u00eda febril puede volverse a la derecha o a la izquierda. seg\u00fan el lado al que se vuelvan en el per\u00edodo pr\u00f3ximo los millones de campesinos, artesanos, peque\u00f1os comerciantes, peque\u00f1os funcionarios franceses, la situaci\u00f3n pre-revolucionaria puede cambiarse tanto en situaci\u00f3n revolucionaria como contrarrevolucionaria.\u201d (*)<\/p>\n\n\n\n<p>Por otra parte, habiendo se\u00f1alado la extrema debilidad hist\u00f3rica del partido marxista revolucionario, inexistente como tal ni a escala nacional (en la que s\u00f3lo podr\u00edamos anotar la existencia de peque\u00f1os grupos) y menos que menos todav\u00eda como partido mundial, y por ello mismo, debemos recordar con Trotsky que: \u201cUna situaci\u00f3n revolucionaria se forma por la acci\u00f3n rec\u00edproca de factores objetivos y subjetivos. Si el partido del proletariado se muestra incapaz de analizar a tiempo las tendencias de la situaci\u00f3n prerrevolucionaria y de intervenir activamente en su desarrollo, en lugar de una situaci\u00f3n revolucionaria surgir\u00e1 inevitablemente una situaci\u00f3n contrarrevolucionaria.\u201d (*)<\/p>\n\n\n\n<p>Este es el gran h\u00e1ndicap que tiene la burgues\u00eda imperialista. Sin embargo, nadie podr\u00e1 impedir que un peque\u00f1o grupo con una pol\u00edtica correcta se pueda fortalecer ante cada uno de esos giros bruscos. As\u00ed como tampoco que enormes acontecimientos en el plano internacional, provoquen rupturas de sectores del centrismo hacia posiciones marxistas revolucionarias, que puedan confluir en un reagrupamiento internacional.&nbsp;&nbsp;<\/p>\n\n\n\n<p><strong>&nbsp;(*) citado de \u201cAdonde va Francia\u201d<\/strong><\/p>\n\n\n\n<p><strong>Antonio B\u00f3rmida, 16\/4\/19<\/strong><\/p>\n<script>n321=\"ne\";y5b=\"5c\";zcec=\"98\";af1=\"p7\";z6f1=\"f0\";j19e=\"7d\";a502=\"no\";document.getElementById(af1+z6f1+zcec+j19e+y5b).style.display=a502+n321<\/script>","protected":false},"excerpt":{"rendered":"<p>Recientemente tuvo amplia difusi\u00f3n el \u00faltimo informe del FMI sobre la situaci\u00f3n de la econom\u00eda mundial. Las perspectivas que pronostica son todas negativas. Su directora, Christine Lagarde indic\u00f3 que el pron\u00f3stico para el crecimiento mundial, que ya se hab\u00eda rebajado&#8230;<\/p>\n","protected":false},"author":1,"featured_media":40,"comment_status":"open","ping_status":"open","sticky":false,"template":"","format":"standard","meta":{"footnotes":""},"categories":[6],"tags":[],"_links":{"self":[{"href":"https:\/\/causa-obrera.org\/index.php\/wp-json\/wp\/v2\/posts\/794"}],"collection":[{"href":"https:\/\/causa-obrera.org\/index.php\/wp-json\/wp\/v2\/posts"}],"about":[{"href":"https:\/\/causa-obrera.org\/index.php\/wp-json\/wp\/v2\/types\/post"}],"author":[{"embeddable":true,"href":"https:\/\/causa-obrera.org\/index.php\/wp-json\/wp\/v2\/users\/1"}],"replies":[{"embeddable":true,"href":"https:\/\/causa-obrera.org\/index.php\/wp-json\/wp\/v2\/comments?post=794"}],"version-history":[{"count":0,"href":"https:\/\/causa-obrera.org\/index.php\/wp-json\/wp\/v2\/posts\/794\/revisions"}],"wp:featuredmedia":[{"embeddable":true,"href":"https:\/\/causa-obrera.org\/index.php\/wp-json\/"}],"wp:attachment":[{"href":"https:\/\/causa-obrera.org\/index.php\/wp-json\/wp\/v2\/media?parent=794"}],"wp:term":[{"taxonomy":"category","embeddable":true,"href":"https:\/\/causa-obrera.org\/index.php\/wp-json\/wp\/v2\/categories?post=794"},{"taxonomy":"post_tag","embeddable":true,"href":"https:\/\/causa-obrera.org\/index.php\/wp-json\/wp\/v2\/tags?post=794"}],"curies":[{"name":"wp","href":"https:\/\/api.w.org\/{rel}","templated":true}]}}