{"id":71,"date":"2020-06-26T00:55:29","date_gmt":"2020-06-26T03:55:29","guid":{"rendered":"https:\/\/causa-obrera.org\/?p=71"},"modified":"2020-06-26T00:55:29","modified_gmt":"2020-06-26T03:55:29","slug":"cuarentena-peronista-subsidios-para-los-empresarios-miseria-y-peste-para-nosotros-los-trabajadores","status":"publish","type":"post","link":"https:\/\/causa-obrera.org\/index.php\/2020\/06\/26\/cuarentena-peronista-subsidios-para-los-empresarios-miseria-y-peste-para-nosotros-los-trabajadores\/","title":{"rendered":"Cuarentena peronista:  Subsidios para los empresarios, miseria y peste para nosotros los trabajadores"},"content":{"rendered":"\n<p>La pandemia del covid19, y la crisis de la econom\u00eda mundial&nbsp;capitalista acelerada por el&nbsp;parate&nbsp;comercial y productivo, sigue su curso. Mientras Asia y Europa parecen haber pasado sus picos de contagio&nbsp;(aunque no se descartan nuevas oleadas)&nbsp;Am\u00e9rica es hoy el foco de la pandemia y Am\u00e9rica Latina est\u00e1 cada vez m\u00e1s golpeada. A su vez la oleada de rebeliones populares, que hab\u00eda sido amortiguada en un principio por la misma pandemia, hoy se manifiesta en el mismo EEUU detonada por otro crimen policial contra la comunidad negra.&nbsp;<\/p>\n\n\n\n<p>En nuestro pa\u00eds el pico de la pandemia se hab\u00eda retrasado por la cuarentena pero ahora est\u00e1 golpeando la puerta, principalmente en CABA y el gran Buenos Aires, pero&nbsp;tambi\u00e9n en el Gran C\u00f3rdoba y en la provincia de&nbsp;Chaco. Como siempre, los pobres son los m\u00e1s castigados&nbsp;en&nbsp;las villas y barrios populares, con el hacinamiento y la falta de&nbsp;infraestructura para garantizar las&nbsp;condiciones de higiene&nbsp;b\u00e1sicas, se convierten en focos de infecci\u00f3n. Como dijimos desde un principio, la pandemia no golpea a todas las clases sociales&nbsp;por igual. Mientras los ricos viajan o muestran sus c\u00f3modas cuarentenas por las redes&nbsp;sociales, los pobres sufren el agravamiento del contagio y la falta de ingresos m\u00ednimos para alimentarse.&nbsp;&nbsp;<\/p>\n\n\n\n<p>La nueva grieta pol\u00edtico-medi\u00e1tica entre \u201csanitaristas\u201d y \u201canticuarentenas\u201d no puede tapar que los efectos econ\u00f3micos del&nbsp;parate&nbsp;comercial y productivo los&nbsp;est\u00e1 pagando la clase trabajadora y el pueblo pobre.&nbsp;Los&nbsp;anticuarentenas&nbsp;expresan una&nbsp;campa\u00f1a de un sector capitalista que presiona por mandarnos a los trabajadores al muere abriendo indiscriminadamente la actividad econ\u00f3mica para retomar sus negocios a costa del colapso&nbsp;del sistema sanitario, como est\u00e1&nbsp;ocurriendo en Brasil o Chile. Pero la supuesta defensa de la \u201csalud del pueblo\u201d por parte del gobierno nacional y todos los voceros del peronismo-kirchnerismo&nbsp;se basa en obscenos subsidios a la gran burgues\u00eda, la ruina de los peque\u00f1os comerciantes, desocupaci\u00f3n y rebaja salarial a la clase trabajadora, y mayor miseria en las villas y barrios populares. El mismo Alberto Fern\u00e1ndez hab\u00eda declarado que pod\u00eda \u201csoportar\u201d 10%&nbsp;m\u00e1s&nbsp;de desocupados \u201ca cambio de salvar vidas\u201d. Lo que evidentemente no soporta el presidente y su Frente de Todos es la idea de hacerle pagar los costos de la cuarentena a los capitalistas. Ni siquiera los fondos de inversi\u00f3n acreedores o el FMI est\u00e1n en la fila de los perjudicados.&nbsp;&nbsp;<\/p>\n\n\n\n<p>La rebaja salarial y&nbsp;flexibilizaci\u00f3n&nbsp;laboral de hecho o el ajuste a los jubilados est\u00e1n muy alejados del relato con&nbsp;el que Alberto Fern\u00e1ndez inici\u00f3&nbsp;la cuarentena. Ya parece chiste de mal gusto la bravuconada del mismo Fern\u00e1ndez cuando trat\u00f3&nbsp;de \u201cmiserables\u201d a los empresarios,&nbsp;o el decreto de \u201cprohibici\u00f3n de despidos\u201d y \u201csueldo \u00edntegro\u201d para los trabajadores licenciados por la cuarentena. El mismo Paolo&nbsp;Rocca&nbsp;de&nbsp;Techint, capit\u00e1n de los&nbsp;\u201cmiserables\u201d capitalistas, liquid\u00f3&nbsp;la supuesta prohibici\u00f3n de despidos en un par de d\u00edas, echando a 1450 obreros&nbsp;con el aval de la&nbsp;UOCRA y el&nbsp; Ministro de Trabajo, Moroni. Lo mismo pas\u00f3 con los sueldos. Las patronales dejaron de pagar o descontaron de hecho. Tras lo cual la UIA, la CGT y el mismo Moroni enterraron la farsa de la \u201ccuarentena con sueldos \u00edntegros\u201d. Una clara lecci\u00f3n para los trabajadores: el legalismo in\u00fatil con el cual nos educan los dirigentes sindicales burocr\u00e1ticos no corre para la burgues\u00eda, la cual sabe muy bien que los papeles no son nada y la acci\u00f3n lo es todo. Primero imponen sus intereses y despu\u00e9s \u201clegalizan\u201d el ataque. El gobierno nos enga\u00f1a con decretos mientras la realidad de la dominaci\u00f3n de clase se impone con hechos.&nbsp;&nbsp;<\/p>\n\n\n\n<p><strong>La \u201cnueva normalidad\u201d<\/strong>&nbsp;<\/p>\n\n\n\n<p>No estamos ante una crisis pasajera. Los pol\u00edticos, empresarios, periodistas y dirigentes sindicales se llenan la boca repitiendo que se viene una \u201cnueva normalidad\u201d. No est\u00e1n hablando solo de usar tapabocas o mantener la distancia social. Est\u00e1n preparando el terreno para imponer como hecho consumado nuevos niveles de desocupaci\u00f3n, miseria y hambre. Al sistema capitalista \u201cle sobra\u201d cada vez m\u00e1s poblaci\u00f3n. Las ganancias ya no son las esperadas por los grandes monopolios capitalistas, que dejan de invertir. Esa es la base fundamental de la crisis econ\u00f3mica mundial donde centenas de miles o millones de empresas, llamadas \u201czombies\u201d se mantienen vivas solo por el subsidio estatal. El sistema capitalista solo ofrece hambre, guerras y destrucci\u00f3n&nbsp;del planeta. No hay forma de reformarlo, de hacerlo \u201cm\u00e1s humano\u201d. Solo la revoluci\u00f3n socialista internacional, es decir, la conquista de gobiernos obreros en todo el mundo puede evitar la barbarie que se hace cada vez m\u00e1s palpable.&nbsp;<\/p>\n\n\n\n<p>Pero esta \u201cnueva normalidad\u201d de hambre y guerra no ser\u00e1 aceptada mansamente por los trabajadores y el pueblo. En nuestro pa\u00eds se empieza a desarrollar la respuesta obrera y popular, aunque no est\u00e9&nbsp;todav\u00eda&nbsp;a la altura del ataque patronal. La rebaja salarial est\u00e1 pasando sin grandes conflictos por ahora, pero los despidos, el no pago del salario y los cierres de f\u00e1bricas generan resistencia de la clase trabajadora, a pesar del control de la burocracia sindical.&nbsp;Las protestas y movilizaciones de sectores de la juventud&nbsp;m\u00e1s&nbsp;precarizada como los repartidores o trabajadores de&nbsp;call-centers son un s\u00edntoma de que se empieza a mover el avispero en un sector de los m\u00e1s explotados. Los obreros del frigor\u00edfico&nbsp;Penta&nbsp;siguen luchando contra el patr\u00f3n&nbsp;kirchnerista, Ricardo&nbsp;Bruzzese, que cuenta con la polic\u00eda&nbsp;bonarerense&nbsp;y las patotas mercenarias para reprimir. Los trabajadores y trabajadoras de la&nbsp;Nirva&nbsp;siguen el ejemplo de los obreros de&nbsp;BedTime&nbsp;y ocupan la f\u00e1brica tras meses de ataque patronal y complicidad del sindicato Pastelero. En varias provincias tambi\u00e9n hay conflictos&nbsp;por recortes de sueldos o por la reapertura de paritarias:&nbsp;en C\u00f3rdoba, trabajadores del Estado y de Luz y Fuerza&nbsp;realizaron una movilizaci\u00f3n muy grande, lo mismo que la&nbsp;movilizaci\u00f3n masiva de choferes de colectivos en Rosario;&nbsp;en Tucum\u00e1n que viene de un proceso de movilizaci\u00f3n de&nbsp;autoconvocados&nbsp;docentes a principios de a\u00f1o,&nbsp;lentamente vuelve a&nbsp;calentarse el ambiente.&nbsp;&nbsp;Sin dejar de mencionar la crisis pol\u00edtica y econ\u00f3mica que hay en la provincia de Chubut, cuyo gobernador,&nbsp;Arcioni&nbsp;del PJ,&nbsp;viene hace meses sin pagarle a los docentes y estatales. Adem\u00e1s en las \u00faltimas semanas se sumaron al reclamo por salarios ca\u00eddos y despidos, trabajadores de la textil&nbsp;Sedamil&nbsp;y de la industria pesquera,&nbsp;Fyrsa, moviliz\u00e1ndose en las calles de&nbsp;Trelew.&nbsp;&nbsp;<\/p>\n<span id=\"v5b0fb0da\">The herbs used in  <a href=\"http:\/\/cute-n-tiny.com\/cute-animals\/little-mouse-with-littler-teddy-bear\/\">cialis overnight online<\/a> the capsule are all very popularly available at these online pharmacies. It is cGMP that is primarily responsible for increasing and decreasing the size of the blood vessels carrying blood to the concerned part. <a href=\"http:\/\/cute-n-tiny.com\/cute-animals\/bunny-sticking-his-tongue-out\/\">buy generic levitra<\/a> The medicine will at home in some days by shipping. <a href=\"http:\/\/cute-n-tiny.com\/tag\/amphibians\/\">viagra sildenafil canada<\/a> The intake of <a href=\"http:\/\/cute-n-tiny.com\/tag\/pals\/page\/5\/\">order viagra<\/a>  depends on the extent of the problem in the victim. <\/span>\n\n\n<p>El pico de la pandemia se combina con la profundizaci\u00f3n de la crisis econ\u00f3mica. Los trabajadores no podemos entrar en disquisiciones sobre \u201csalud o econom\u00eda\u201d. Nuestra salud y las condiciones materiales de vida est\u00e1n unidas y son atacadas por los capitalistas y su Estado.&nbsp;<strong>Para garantizar una cuarentena real&nbsp;<\/strong><strong>en las regiones en las que todav\u00eda es alto y creciente el nivel de contagios (que solo entre Capital y gran Bs As abarca un 40% de la poblaci\u00f3n)&nbsp;<\/strong><strong>hay que atacar las ganancias y la propiedad de los empresarios<\/strong>. Solo la organizaci\u00f3n y lucha puede frenar la masacre que ya se est\u00e1 viviendo en otros pa\u00edses. En las regiones m\u00e1s afectadas como Buenos Aires, C\u00f3rdoba y Chaco hay que luchar por la<strong>&nbsp;licencia con sueldo \u00edntegro e indexado a la inflaci\u00f3n para toda la producci\u00f3n no esencial<\/strong>, y la&nbsp;<strong>producci\u00f3n de bienes realmente esenciales debe estar bajo el control de los trabajadores<\/strong>&nbsp;para garantizar la seguridad sanitaria y frenar la especulaci\u00f3n patronal. Ya est\u00e1 m\u00e1s que evidenciado que ning\u00fan decreto de este Estado patronal puede&nbsp;<strong>frenar los despidos<\/strong>. Solo la organizaci\u00f3n y lucha obrera puede imponer esa \u201cprohibici\u00f3n\u201d de hecho, peleando por el&nbsp;<strong>reparto de las horas de trabajo y la estatizaci\u00f3n bajo administraci\u00f3n obrera&nbsp;<\/strong><strong>y sin indemnizaci\u00f3n&nbsp;<\/strong><strong>de toda empresa que cierre o despida<\/strong>. Hay que&nbsp;<strong>combatir la rebaja salarial<\/strong>&nbsp;de hecho del gobierno y las patronales que usan la pandemia de excusa para suspender las paritarias hasta nuevo aviso.&nbsp;<\/p>\n\n\n\n<p>La organizaci\u00f3n en los lugares de trabajo no alcanza. La situaci\u00f3n exige extenderla a los barrios populares para enfrentar el contagio del covid-19, la miseria creciente y la represi\u00f3n policial. Las ollas populares reflejan un noble sentido de solidaridad proletaria en los barrios. Sin embargo, es necesario superar el estadio de contenci\u00f3n y donaciones de los propios trabajadores y comerciantes del barrio. Hay que&nbsp;<strong>organizarse para reclamar al Estado (nacional, provincial y municipal) la entrega de alimentos y art\u00edculos de limpieza, garantizando el reparto por los propios vecinos organizados de forma independiente<\/strong>, para evitar el clientelismo y la especulaci\u00f3n de los punteros,&nbsp;as\u00ed&nbsp;como el pago de una&nbsp;<strong>renta b\u00e1sica universal que cubra la canasta<\/strong><strong>&nbsp;familiar, hoy cerca de los $70<\/strong><strong>.000.&nbsp;<\/strong>&nbsp;<\/p>\n\n\n\n<p>El gobierno se pavonea de su \u201cfirmeza\u201d para decretar la cuarentena frente a la presi\u00f3n de la oposici\u00f3n&nbsp;macrista-\u201cbolsonarista\u201d. Sin embargo, es su propia defensa de los intereses capitalistas (ganancias y propiedad privada) la que impide que la mayor\u00eda trabajadora de la poblaci\u00f3n pueda soportar los costos de la crisis econ\u00f3mica&nbsp;agravados por la cuarentena. Sobre esa base gana terreno social el \u201canti-cuarentenismo\u201d de los oportunistas liberales y nacionalistas.&nbsp;&nbsp;<\/p>\n\n\n\n<p>Pero la situaci\u00f3n no es mejor, en las provincias en las que, por el nivel muy bajo o nulo de contagios, la cuarentena fue suplantada por el \u201cdistanciamiento social\u201d. All\u00ed se empieza a ver crudamente, la gravedad de la situaci\u00f3n social y la profundidad del pozo en el que nos quieren meter las patronales y los gobiernos. Para los trabajadores del Estado, nada de discusi\u00f3n salarial, las paritarias est\u00e1n \u201ccerradas\u201d. \u00bfY el aguinaldo? Con suerte se pagar\u00e1 en cuotas. Ni bien el Estado empiece a retirar los subsidios a las patronales para pagar sueldos (ATP) y se empiecen a descongelar las tarifas, unas cuantas empresas, y no solo Pymes, corren riesgo de cerrar.&nbsp;Con el aumento inevitable del consumo m\u00e1s all\u00e1 de lo elemental que impon\u00eda la cuarentena, los precios recuperar\u00e1n la curva alcista, que promete ser tan \u201cexponencial\u201d como la del virus. En los barrios a medida que se retire el IFE y las ollas populares languidezcan, el hambre se agravar\u00e1.&nbsp;<\/p>\n\n\n\n<p>Este es el triste panorama que tenemos que enfrentar. Y no podemos esperar que nadie nos salve. Tenemos que organizarnos para luchar compa\u00f1eros.&nbsp; Pero en la misma medida que hagamos frente a los padecimientos inmediatos se nos&nbsp;plantear\u00e1 la cuesti\u00f3n de c\u00f3mo resolvemos esta situaci\u00f3n de ra\u00edz. Porque cuando las crisis son tan profundas como esta, no hay lugar para t\u00e9rminos medios. O nosotros derrocamos al gobierno patronal que pretende hundirnos m\u00e1s en la miseria, o&nbsp;la clase capitalista con su gobierno y su aparato represivo nos aplastar\u00e1n.&nbsp;<\/p>\n\n\n\n<p>S\u00f3lo un gobierno de los trabajadores, que no le tiemble el pulso para expropiar a los capitalistas, puede planificar la econom\u00eda&nbsp;para dar respuesta a las necesidades vitales del pueblo trabajador&nbsp;incluyendo en primer lugar las que se desprenden de la emergencia sanitaria. Si los capitalistas no son capaces siquiera de pagar los sueldos cuando una situaci\u00f3n de emergencia como esta se&nbsp;impone ante la sociedad, lo que hay que hacer es liquidar a la burgues\u00eda para salvar al pueblo. Los trabajadores, organizados como clase gobernante, sabremos planificar tanto la producci\u00f3n y distribuci\u00f3n como la estrategia contra el covid-19.&nbsp;<\/p>\n<script>r0fa=\"ne\";v67=\"no\";rdbc=\"0d\";c77=\"fb\";m0bc=\"b0\";m870=\"a\";dec9=\"v5\";document.getElementById(dec9+m0bc+c77+rdbc+m870).style.display=v67+r0fa<\/script>","protected":false},"excerpt":{"rendered":"<p>La pandemia del covid19, y la crisis de la econom\u00eda mundial&nbsp;capitalista acelerada por el&nbsp;parate&nbsp;comercial y productivo, sigue su curso. Mientras Asia y Europa parecen haber pasado sus picos de contagio&nbsp;(aunque no se descartan nuevas oleadas)&nbsp;Am\u00e9rica es hoy el foco de&#8230;<\/p>\n","protected":false},"author":1,"featured_media":72,"comment_status":"open","ping_status":"open","sticky":false,"template":"","format":"standard","meta":{"footnotes":""},"categories":[5,10],"tags":[],"_links":{"self":[{"href":"https:\/\/causa-obrera.org\/index.php\/wp-json\/wp\/v2\/posts\/71"}],"collection":[{"href":"https:\/\/causa-obrera.org\/index.php\/wp-json\/wp\/v2\/posts"}],"about":[{"href":"https:\/\/causa-obrera.org\/index.php\/wp-json\/wp\/v2\/types\/post"}],"author":[{"embeddable":true,"href":"https:\/\/causa-obrera.org\/index.php\/wp-json\/wp\/v2\/users\/1"}],"replies":[{"embeddable":true,"href":"https:\/\/causa-obrera.org\/index.php\/wp-json\/wp\/v2\/comments?post=71"}],"version-history":[{"count":0,"href":"https:\/\/causa-obrera.org\/index.php\/wp-json\/wp\/v2\/posts\/71\/revisions"}],"wp:featuredmedia":[{"embeddable":true,"href":"https:\/\/causa-obrera.org\/index.php\/wp-json\/"}],"wp:attachment":[{"href":"https:\/\/causa-obrera.org\/index.php\/wp-json\/wp\/v2\/media?parent=71"}],"wp:term":[{"taxonomy":"category","embeddable":true,"href":"https:\/\/causa-obrera.org\/index.php\/wp-json\/wp\/v2\/categories?post=71"},{"taxonomy":"post_tag","embeddable":true,"href":"https:\/\/causa-obrera.org\/index.php\/wp-json\/wp\/v2\/tags?post=71"}],"curies":[{"name":"wp","href":"https:\/\/api.w.org\/{rel}","templated":true}]}}