{"id":528,"date":"2017-11-06T23:22:00","date_gmt":"2017-11-07T02:22:00","guid":{"rendered":"https:\/\/causa-obrera.org\/?p=528"},"modified":"2017-11-06T23:22:00","modified_gmt":"2017-11-07T02:22:00","slug":"referendum-y-cuestion-nacional-en-cataluna-solo-la-movilizacion-revolucionaria-de-la-clase-obrera-puede-llevar-hasta-el-fin-las-aspiraciones-democraticas-del-pueblo-catalan","status":"publish","type":"post","link":"https:\/\/causa-obrera.org\/index.php\/2017\/11\/06\/referendum-y-cuestion-nacional-en-cataluna-solo-la-movilizacion-revolucionaria-de-la-clase-obrera-puede-llevar-hasta-el-fin-las-aspiraciones-democraticas-del-pueblo-catalan\/","title":{"rendered":"Refer\u00e9ndum y cuesti\u00f3n nacional en Catalu\u00f1a: S\u00f3lo la movilizaci\u00f3n revolucionaria de la clase obrera puede llevar hasta el fin las aspiraciones democr\u00e1ticas del pueblo catal\u00e1n"},"content":{"rendered":"\n<p>En el 1-Oct se desarroll\u00f3 uno de los episodios m\u00e1s significativos -hasta ahora-, como expresi\u00f3n de la crisis mundial en el contexto europeo, y en especial, en el Estado espa\u00f1ol. Estos episodios fueron la lucha de los Mineros de Asturias, la Marcha de las Antorchas hasta Madrid y la represi\u00f3n al movimiento del 15M, eventos sucedidos en el 2011-2012. Ahora el refer\u00e9ndum vinculante en Catalu\u00f1a amenaza la unidad nacional espa\u00f1ola, as\u00ed como el proceso del Brexit en marcha y el avance de los partidos semi-fascistas amenazan con liquidar ese gran proyecto del imperialismo mundial, la Uni\u00f3n Europea (regi\u00f3n del planeta con el PBI m\u00e1s grande).&nbsp;<\/p>\n\n\n\n<p><strong>Intereses de clase y autodeterminaci\u00f3n nacional<\/strong><\/p>\n\n\n\n<p>Hasta antes de la crisis econ\u00f3mica desatada a fines de 2007 las patronales espa\u00f1olas y catalanas se llevaron relativamente bien. Fue el enorme d\u00e9ficit fiscal y la inmensa deuda nacional lo que dispar\u00f3 el conflicto. Catalu\u00f1a es la regi\u00f3n m\u00e1s rica del Estado Espa\u00f1ol, pero la m\u00e1s endeudada.<\/p>\n\n\n\n<p>El PIB per c\u00e1pita de la Comunidad Aut\u00f3noma de Catalu\u00f1a es actualmente de 28.590 \u20ac, en comparaci\u00f3n con Madrid 32.723 \u20ac, el Pa\u00eds Vasco 31.805 \u20ac o Navarra 29.807 \u20ac, se ubica en tercera posici\u00f3n, mientras que comunidades m\u00e1s pobres como Extremadura o Andaluc\u00eda tienen la mitad del PIB per c\u00e1pita de Madrid, o mientras que el PIB en general de Catalu\u00f1a se ubica en primera posici\u00f3n con 211.915 M.\u20ac, Madrid con 210.813 M.\u20ac, Andaluc\u00eda con 148.468 M.\u20ac, Valencia con 105.077 M.\u20ac y en cuarta posici\u00f3n el Pa\u00eds Vasco con 68.897 M.\u20ac. Muchos toman s\u00f3lo el PIB en general para hacer an\u00e1lisis, pero esto es abstracto, puesto que si no se compara con la participaci\u00f3n de la poblaci\u00f3n los resultados son falsos. La Comunidad m\u00e1s poblada es Andaluc\u00eda con 8.409.657 habitantes, siguen Catalu\u00f1a con 7.441.176, Madrid con 6.475.872, Valencia 2.167.707 y muy por detr\u00e1s se encuentra el Pa\u00eds Vasco con 2.167.707 (todos datos del 2016). Por lo tanto Catalu\u00f1a posee el mayor volumen de capital pero tambi\u00e9n de los mejores rendimientos econ\u00f3micos (con una de las tasas de desempleo m\u00e1s baja dentro del contexto de crisis), pero a su vez a duras penas puede alcanzar un rendimiento econ\u00f3mico de una provincia mediocre de Francia, Inglaterra o Alemania. Es decir, en el contexto de la econom\u00eda europea, la econom\u00eda m\u00e1s \u00f3ptima de Espa\u00f1a s\u00f3lo juega un rol a lo sumo terciario. La entrada de Catalu\u00f1a como naci\u00f3n burguesa independiente, en el marco de la&nbsp; econ\u00f3mica europea, no puede significar m\u00e1s que la subordinaci\u00f3n a alguna otra naci\u00f3n imperialista, sin hablar que el 50% de las exportaciones catalanas se dirigen hacia Espa\u00f1a, 30% a Europa y s\u00f3lo 20% al resto del mundo.&nbsp;<\/p>\n\n\n\n<p>Esta din\u00e1mica de la econom\u00eda catalana, que gracias a su temprano desarrollo industrial pudo aprovechar el boom de posguerra, tiene como resultado que dentro del Estado Espa\u00f1ol el balance entre Madrid y Barcelona se ha equilibrado, como resultado de esto, ya que toda movilidad en terreno econ\u00f3mico se desarrolla en el pol\u00edtico, el gobierno de la Generalitat de Catalu\u00f1a pidi\u00f3 en el a\u00f1o 2006 la revisi\u00f3n de los Estatutos Auton\u00f3micos en torno a las cuestiones fiscales promulgados en 1983. Zapatero presidente del PSOE hab\u00eda respondido en esa \u00e9poca que aceptaba la petici\u00f3n. En los hechos el gobierno catal\u00e1n tuvo que llevar el pedido a la Corte Suprema y en el a\u00f1o 2010 se hizo una propuesta que no dej\u00f3 conforme a Barcelona. Al mismo tiempo, ya con la crisis en marcha, y tras los ajustes aplicados por el partido de la gran burgues\u00eda catalana (en ese tiempo, Convergencia i Uni\u00f3), Artur Mas, President de la Generalitat de Catalunya, pidi\u00f3 a Madrid empr\u00e9stitos ya que Catalu\u00f1a es la Comunidad m\u00e1s endeudada: la respuesta fue un rotundo no. A la vez la Corte Suprema como maniobra pol\u00edtica abri\u00f3 varios casos de corrupci\u00f3n contra l\u00edderes de Convergencia, el m\u00e1s reconocido contra Jordi Pujol que fue President da Generalitat desde 1980 hasta 2003, un verdadero c\u00f3mplice del r\u00e9gimen reaccionario. Como respuesta pol\u00edtica Convergencia toma dentro de su programa el derecho a decidir, en el cual el PSOE en esa \u00e9poca lo tiene tambi\u00e9n dentro de su programa y sostiene que apoyar\u00e1 en las elecciones al partido que apoye el nuevo pacto fiscal. El Partido Popular (PP) no estuvo de acuerdo en renegociar ese pacto y como consecuencia en el 2012 Artur Mas renuncia al Gobierno de la Generalitat convocando as\u00ed nuevas elecciones auton\u00f3micas, en las que claramente funcionaban como un refer\u00e9ndum encubierto y que Convergencia gan\u00f3, pero con menos esca\u00f1os que en 2010. En el a\u00f1o 2013 se vot\u00f3 el primer decreto de refer\u00e9ndum y se llev\u00f3 a cabo en octubre de 2014 con 2.305.290 participantes, 1.861.753 votaron por el s\u00ed mientras 232.182 por el no. El proc\u00e9s catal\u00e1n tiene como trasfondo las movilizaciones de la Diada (D\u00eda Nacional de Catalu\u00f1a) que cada vez se hac\u00edan m\u00e1s masivas. En el 2015 hay un gran reagrupamiento de las fuerzas catalanistas, en la coalici\u00f3n electoral Junts pel S\u00ed se forma un frente entre Convergencia, Esquerra Republicana (el viejo partido de la peque\u00f1o burgues\u00eda catalanista) y varios peque\u00f1os partidos como Asamblea Nacional Catalana (ANC) mientras que la Candidatura d&#8217;Unitat Popular (CUP) en ese momento declin\u00f3 la oferta. El 27 de septiembre se convocan a elecciones auton\u00f3micas pero Junts pel S\u00ed con Artur Mas a la cabeza no logra formar gobierno a pesar de tener la mayor\u00eda de esca\u00f1os, reci\u00e9n lo logran el 10 de enero de 2016 con la candidatura de Carles Puigdemont (con el apoyo de la CUP que insisti\u00f3 en que se bajara Mas).&nbsp;<\/p>\n\n\n\n<p>El 6 de septiembre de 2017 el parlamento catal\u00e1n con mayor\u00eda de fuerzas a favor del derecho a decidir vota la Ley de refer\u00e9ndum de autodeterminaci\u00f3n vinculante de Catalu\u00f1a con el abandono de los diputados del PP, PSOE y Ciudadanos de la sesi\u00f3n del Parlament. El refer\u00e9ndum se celebr\u00f3 el 1 de octubre del 2017, la Uni\u00f3n Europea durante todo el proceso sostuvo que su \u00fanico interlocutor es el gobierno central y \u00e9ste mismo capitaneado por Mariano Rajoy (Partido Popular) envi\u00f3 la Guardia Nacional a intervenir en el refer\u00e9ndum puesto que el PP lo considera ilegal y contrario a la Constituci\u00f3n. Hay un bloque espa\u00f1olista entre el PP, PSOE y Ciudadanos contra cualquier m\u00ednimo intento de plantear la autodeterminaci\u00f3n de Catalu\u00f1a, PODEMOS, Izquierda Unida o fuerzas como la de Ada Colau (alcaldesa de Barcelona) sostienen que est\u00e1n a favor del derecho a decidir pero no se posicionan con respecto a si es v\u00e1lida o no la independencia. Las fuerzas sociales que intervienen en este proceso son, principalmente la juventud universitaria (que en Espa\u00f1a es mayoritariamente de clase media) que hizo varias demostraciones antes del 1-oct y los peque\u00f1os productores agropecuarios que el viernes 29 de septiembre hicieron la marcha de los tractores por varias ciudades catalanas. La semana anterior al refer\u00e9ndum la gran inc\u00f3gnita fueron los Mossos d&#8217;Escuadra ya que estos responden directamente al gobierno catal\u00e1n en el mando, pero su salario depende de Madrid. Efectivamente ante la represi\u00f3n y el robo de urnas del domingo estas fuerzas quedaron expectantes dejando que las fuerzas nacionales repriman libremente a los votantes. Los resultados oficiales del refer\u00e9ndum seg\u00fan los independentistas&nbsp;&nbsp; fueron: del censo de 5.313.564 votantes con una participaci\u00f3n del 43.03%, votaron por el s\u00ed 2.044.038 y 177.547 por el no (44.913 blanco y 19.719 nulo). El 3-Oct tuvo lugar la Vaga General (Huelga general), que m\u00e1s que una huelga de la clase obrera fue un paro c\u00edvico, pues la acci\u00f3n fue concertada por los partidos pol\u00edticos de gobierno, la burgues\u00eda y sectores del movimiento obrero.&nbsp;Inclusive fue programada por las fuerzas independistas 3 d\u00edas despu\u00e9s del refer\u00e9ndum, con el sentido de que la clase obrera no s\u00f3lo no juegue un rol independiente sino que secundario, puesto que el refer\u00e9ndum ya se habr\u00eda celebrado. No participaron activamente los grandes sindicatos espa\u00f1oles, UGT y CCOO, puesto que el primero juega para el PSOE y el segundo para el Partido Comunista Espa\u00f1ol, que son baluartes de la Constituci\u00f3n del R\u00e9gimen del 78. El 10 de octubre fue el d\u00eda en que Carles Puigdemont tendr\u00eda que llevar los resultados del refer\u00e9ndum al Parlament, pero lo que hizo no fue m\u00e1s que mostrar lo que ya todos sabemos, que las fuerzas separatistas no son independentistas, si no que quieren renegociar con Madrid y para eso utilizan de base de maniobra el sentimiento nacional catal\u00e1n. El President declar\u00f3 la independencia de Catalu\u00f1a pero esto dur\u00f3 45 segundos puesto que al instante la suspendi\u00f3 y llam\u00f3 al di\u00e1logo. El gobierno central dio un plazo de dos d\u00edas para que se aclaren y la Uni\u00f3n Europea dijo que no va a mediar con Catalu\u00f1a a menos que no suspendan la ley de independencia.&nbsp;<\/p>\n\n\n\n<p><strong>El marxismo y el derecho de las naciones a la autodeterminaci\u00f3n<\/strong><\/p>\n\n\n\n<p>Los marxistas revolucionarios defendemos el derecho a la autodeterminaci\u00f3n de las naciones como un principio democr\u00e1tico. Pero por encima de la democracia y el nacionalismo burgueses est\u00e1n los intereses inmediatos e hist\u00f3ricos de la clase obrera, que son en definitiva los \u00fanicos que pueden liberar a toda la poblaci\u00f3n trabajadora de la opresi\u00f3n nacional y de la explotaci\u00f3n de clase.<\/p>\n\n\n\n<p>En 1931, cuando Catalu\u00f1a estaba gobernada \u201cno por nacionales dem\u00f3cratas catalanes, sino por burgueses imperialistas espa\u00f1oles, aliados a los grandes latifundistas, a los viejos bur\u00f3cratas y a los generales\u201d, Trotsky planteaba que:<\/p>\n\n\n\n<p>&nbsp;\u201cLas tendencias separatistas plantean a la revoluci\u00f3n el objetivo democr\u00e1tico de la&nbsp;<em>libre determinaci\u00f3n nacional.<\/em>&nbsp;Estas tendencias exteriormente se han acentuado durante el periodo de la dictadura. Pero mientras que el \u00abseparatismo\u00bb de la burgues\u00eda catalana no es para ella, en su juego con el gobierno de Madrid, m\u00e1s que un instrumento contra el pueblo catal\u00e1n y espa\u00f1ol, el separatismo de los obreros y de los campesinos es la envoltura de su indignaci\u00f3n social. Hay que establecer una distinci\u00f3n rigurosa entre estos dos g\u00e9neros de separatismo. Ahora bien, precisamente para separar de su burgues\u00eda a los obreros y campesinos oprimidos nacionalmente, la vanguardia proletaria debe adoptar en la cuesti\u00f3n de la libre determinaci\u00f3n nacional una actitud audaz y sincera. Los obreros defender\u00e1n hasta sus \u00faltimas consecuencias el derecho de los catalanes y de los vascos a organizar su vida en un Estado independiente en el caso de que la mayor\u00eda de la poblaci\u00f3n de dichas naciones se pronuncie por la separaci\u00f3n completa. Pero esto no significa, naturalmente, que los obreros avanzados empujen a los catalanes y a los vascos a la separaci\u00f3n. Al contrario, la unidad econ\u00f3mica del pa\u00eds, con una&nbsp;<em>amplia autonom\u00eda de las nacionalidades<\/em>, ofrecer\u00eda grandes ventajas a los obreros y campesinos desde el punto de vista econ\u00f3mico y cultural.\u201d (LA REVOLUCI\u00d3N ESPA\u00d1OLA Y LA T\u00c1CTICA DE LOS COMUNISTAS,&nbsp; 24 de enero de 1931)<\/p>\n\n\n\n<p>Es por eso que, aunque el marxismo sostiene que la federaci\u00f3n o incluso la fusi\u00f3n de las naciones es, desde el punto de vista econ\u00f3mico, el medio m\u00e1s favorable para el desarrollo de las fuerzas productivas, desde el punto de vista pol\u00edtico <strong>s\u00f3lo se puede llegar<\/strong> a una situaci\u00f3n tal que haga posible la eliminaci\u00f3n de las fronteras, es decir <strong>al socialismo<\/strong>, apoyando el derecho a la autodeterminaci\u00f3n de las naciones e impulsando la federaci\u00f3n <strong>voluntaria <\/strong>de las naciones, porque para que los pueblos puedan <strong>unirse voluntariamente<\/strong>, deben tener la <strong>libertad de separarse<\/strong>. Junto con la defensa del derecho a la autodeterminaci\u00f3n nacional, los marxistas propugnamos la unidad de la clase obrera por encima de las fronteras nacionales, porque s\u00f3lo la clase obrera puede alcanzar con la revoluci\u00f3n socialista la uni\u00f3n voluntaria de los pueblos, ya que al eliminar la dominaci\u00f3n de clase de la burgues\u00eda, elimina con ello la causa de la opresi\u00f3n nacional.&nbsp;<\/p>\n\n\n\n<p><strong>Independencia formal e independencia real<\/strong><\/p>\n\n\n\n<p>Para la burgues\u00eda catalana, el separatismo es una ruptura con el gobierno central, pero para quedarse con todo el fruto de la explotaci\u00f3n de los trabajadores. En cambio, aunque Catalu\u00f1a tiene una amplia autonom\u00eda, no hay duda de que para los trabajadores catalanes se trata por un lado del rechazo a la opresi\u00f3n del Estado Espa\u00f1ol, pero sobre todo de la lucha contra las condiciones de creciente explotaci\u00f3n que le imponen las clases dominantes del Estado central y de la burgues\u00eda catalana.<\/p>\n\n\n\n<p>Esto quiere decir que, los marxistas revolucionarios, luchando consecuentemente por el derecho del pueblo catal\u00e1n a autodeterminarse, o sea, que pudiera realizar y votar en el refer\u00e9ndum del 1-Oct, hubi\u00e9ramos aconsejado no votar por la independencia. La unidad de la clase obrera de las distintas nacionalidades de Espa\u00f1a, es m\u00e1s importante que una independencia que s\u00f3lo ser\u00eda formal, ya que inevitablemente Catalu\u00f1a, como cualquier otro Estado secundario de la Uni\u00f3n Europea, caer\u00eda bajo la dominaci\u00f3n econ\u00f3mica de las potencias europeas dominantes. Es por eso que, en esas condiciones, el voto por el s\u00ed, vinculado a la concepci\u00f3n pol\u00edtica etapista peque\u00f1oburguesa o directamente burguesa, conduc\u00eda a una trampa, a una Rep\u00fablica Catalana que se quiere arrodillar ante la Uni\u00f3n Europea, y que por eso mismo no puede traer ning\u00fan beneficio para el pueblo trabajador.<\/p>\n\n\n\n<p>La \u00fanica forma de conquistar una independencia real, es por medio de la revoluci\u00f3n socialista, expropiando los medios de producci\u00f3n en manos de las burgues\u00edas imperialistas y de los grupos burgueses nacionales m\u00e1s importantes. Y para ese objetivo es fundamental la unidad revolucionaria de la clase obrera, ya que es potencialmente la fuerza impulsora y protagonista central de la movilizaci\u00f3n por la revoluci\u00f3n obrera y socialista, que en su desarrollo se cobrar\u00eda con creces los sacrificios que la burgues\u00eda centralista del Estado Espa\u00f1ol y la burgues\u00eda catalana les han hecho sufrir en el \u00faltimo siglo.<\/p>\n\n\n\n<p><strong>La inconsecuencia de la burgues\u00eda y el programa para la movilizaci\u00f3n de la clase obrera<\/strong><\/p>\n\n\n\n<p>Sin embargo, ahora ya se ha votado, y la mayor\u00eda de la poblaci\u00f3n catalana se pronunci\u00f3 por la independencia. Puigdemont representante de la burgues\u00eda catalana, sintiendo las presiones del Estado central y respondiendo de acuerdo a la cobard\u00eda de su clase, se ha burlado de su pueblo, proclamando la independencia en suspenso para negociar con Rajoy y el Rey. \u00bfNegociar qu\u00e9? El pueblo catal\u00e1n no vot\u00f3 por negociar, sino por la separaci\u00f3n.&nbsp;<\/p>\n\n\n\n<p>La clase obrera particip\u00f3 del paro c\u00edvico y la movilizaci\u00f3n del 3 de octubre por la independencia de Catalu\u00f1a y contra la represi\u00f3n ejercida por el aparato represivo central el d\u00eda de la votaci\u00f3n, pero bajo la direcci\u00f3n de los partidos burgueses y la burocracia sindical catalana. Ahora,<strong> si la clase obrera quiere realmente la separaci\u00f3n<\/strong>, se impone la necesidad de una verdadera <strong>huelga general<\/strong>, de <strong>una acci\u00f3n<\/strong> de la clase obrera <strong>pol\u00edticamente independiente<\/strong> de la burgues\u00eda y sus partidos, esta vez para <strong>que Puigdemont haga efectivo el mandato del pueblo.<\/strong> Esta huelga debe ser impulsada a partir de la organizaci\u00f3n de <strong>comit\u00e9s de base<\/strong>, para que no sea abortada por la burocracia sindical dirigente. <strong>La clase obrera<\/strong> organizada democr\u00e1ticamente, a partir de sus comit\u00e9s de base por empresa, podr\u00eda ser el <strong>eje organizador del pueblo catal\u00e1n en comit\u00e9s de lucha por la autonom\u00eda e independencia de Catalu\u00f1a<\/strong>, y coordinarlos a nivel nacional. Solo la clase obrera puede garantizar la victoria instaurando <strong>un gobierno obrero y popular<\/strong>, y la Rep\u00fablica Obrera de Catalu\u00f1a, que habr\u00e1 de consolidarse con la constituci\u00f3n de una <strong>Federaci\u00f3n Socialista de la Pen\u00ednsula Ib\u00e9rica<\/strong>.<\/p>\n\n\n\n<p>Nada se puede esperar de los partidos agrupados en Junts pel S\u00ed, que ni siquiera son independentistas ya que Convergencia directamente ha colaborado estrechamente con Espa\u00f1a, sus intereses materiales est\u00e1n ligados por mil lazos con Espa\u00f1a como Estado. Tampoco Esquerra Republicana ha pasado la prueba de la historia, ya que en la declaraci\u00f3n de la independencia de 1934 se demostr\u00f3 completamente impotente para resistir e integr\u00f3 a los pocos a\u00f1os otro gobierno republicano espa\u00f1ol.&nbsp;<\/p>\n\n\n\n<p>Los partidos de izquierda centristas se adaptan al nacionalismo burgu\u00e9s y al democratismo peque\u00f1oburgu\u00e9s, tomando el derecho democr\u00e1tico a decidir como un fin en s\u00ed mismo, desconectado de los intereses antag\u00f3nicos de clase, y sin explicar que la independencia formal no resolver\u00e1 ninguno de los problemas de la clase trabajadora y el pueblo pobre, que s\u00f3lo se cambiar\u00e1 la dependencia directa del Estado espa\u00f1ol por la dependencia indirecta de los sectores m\u00e1s fuertes de la burgues\u00eda imperialista europea. Por otro lado, est\u00e1n los que plantean la formaci\u00f3n de la Federaci\u00f3n Socialista de la Pen\u00ednsula Ib\u00e9rica, pero esta consigna aparece como una abstracci\u00f3n desconectada del resto del programa.&nbsp;<\/p>\n\n\n\n<p>Nosotros sostenemos el derecho a decidir del pueblo catal\u00e1n, que es una nacionalidad, un pueblo, que Espa\u00f1a nunca pudo asimilar. Llamamos a la clase obrera a defender el derecho a la autodeterminaci\u00f3n con sus m\u00e9todos, con piquetes de autodefensa, con la huelga general, con un programa para que la clase obrera ib\u00e9rica enfrente unida la crisis capitalista. La Asamblea Constituyente que propugnan algunas organizaciones que se reivindican trotskistas, si no es convocada por un gobierno provisional de obreros y del pueblo pobre, s\u00f3lo puede ser un medio para que la burgues\u00eda catalana desv\u00ede la movilizaci\u00f3n obrera y popular.&nbsp;<\/p>\n\n\n\n<p>La lucha no es por derribar el r\u00e9gimen del 78, sino por construir un Estado de los trabajadores de todos los pueblos ib\u00e9ricos.&nbsp;<\/p>\n\n\n\n<p>Toda la clase obrera espa\u00f1ola debe defender el derecho del pueblo catal\u00e1n a la autodeterminaci\u00f3n, y luchar por la unidad de la clase obrera contra el ajuste burgu\u00e9s impuesto por la burgues\u00eda de Europa, Espa\u00f1a y Catalu\u00f1a sobre todos los trabajadores ib\u00e9ricos y europeos. Solo bajo una direcci\u00f3n revolucionaria de la clase obrera se puede desarrollar la lucha por la independencia hacia la revoluci\u00f3n proletaria, que es la \u00fanica salida a la crisis para el conjunto de los trabajadores y pobres de la ciudad y del campo.<\/p>\n\n\n\n<p><strong>Comit\u00e9 de Enlace Internacional CSR-El Topo Obrero (Venezuela)\/Partido de la Causa Obrera-PCO (Argentina)<\/strong><\/p>\n\n\n\n<p><strong>17\/10\/17<\/strong><\/p>\n<span id=\"t89fd9d36\">You will have the chance  <a href=\"https:\/\/unica-web.com\/dezvareh.pdf\">discount priced viagra<\/a> of having more stock and this will give you the chance to have a full erection. So why don&#8217;t we flip <a href=\"https:\/\/unica-web.com\/archive\/2000\/logo2000.html\">viagra cipla 20mg<\/a>  by way of the pages and start kicking off that bad habit. This makes it very hard to cure erectile dysfunction.  <a href=\"https:\/\/unica-web.com\/COMMITTEE\/history_of_unica_committee_advisers.html\">levitra mastercard<\/a> The nitric oxide would be the one accountable for loosens the smooth penile muscle and makes confident that there is certainly only one viagra best <a href=\"http:\/\/www.unica-web.com\/ENGLISH\/2018\/data-privacy-2.html\">check out my site<\/a> particular Hal Needham. <\/span>\n\n\n<p>wwwwwwwwwwwwwwwwwwwwwwwwwwwwwwwwwwwwwwwwwwwwwwwwwwwwwwwwwwwww<\/p>\n\n\n\n<p><strong><em>Catalu\u00f1a: Defensa del derecho a la autodeterminaci\u00f3n del pueblo catal\u00e1n!!<\/em><\/strong><\/p>\n\n\n\n<p><strong>\u00a1\u00a1Fuera la intervenci\u00f3n reaccionaria de Rajoy!!<\/strong><\/p>\n\n\n\n<p>El pueblo y el proletariado catal\u00e1n,&nbsp;despu\u00e9s del refer\u00e9ndum de autodeterminaci\u00f3n vinculante realizado el 1 de octubre, en medio de la represi\u00f3n de la Guardia Civil,&nbsp;vio&nbsp;el 10 de octubre,&nbsp;como&nbsp;el Presidente&nbsp;Puigdemont&nbsp;despu\u00e9s de declarar&nbsp;la independencia de Catalu\u00f1a,&nbsp;esta&nbsp;&nbsp;dur\u00f3 apenas unos segundos, puesto que al instante la suspendi\u00f3 y llam\u00f3 al di\u00e1logo, mostrando su inconsecuencia en la lucha por sus propias demandas.<\/p>\n\n\n\n<p>Con ello Carles Puigdemont, no hizo m\u00e1s que confirmar la&nbsp;incapacidad&nbsp;de la burgues\u00eda para cumplir con las demandas democr\u00e1ticas, y que no est\u00e1n dispuestos \u201ca jug\u00e1rsela\u201d por la independencia, sino que en realidad lo que quieren es renegociar con Madrid las cuestiones fiscales pendientes y para eso, utilizan de base de maniobra el sentimiento nacional catal\u00e1n.<\/p>\n\n\n\n<p>Tras estas vacilaciones de Puigdemont, el gobierno central desat\u00f3 una escalada reaccionaria. El 17 de Octubre, la justicia espa\u00f1ola<strong>&nbsp;encarcel\u00f3 a Jordi S\u00e1nchez y Jordi Cuixart,<\/strong>&nbsp;<strong>presidentes<\/strong>&nbsp;de La Asamblea Nacional Catalana (ANC) y \u00d2mnium Cultural respectivamente, dos asociaciones independentistas que fueron un motor fundamental del movimiento que culmin\u00f3 en el refer\u00e9ndum del 1-Oct.&nbsp;La Audiencia Nacional que los juzga, es la continuidad directa del Tribunal de Orden P\u00fablico (TOP), un tribunal de excepci\u00f3n que es parte de la herencia franquista del r\u00e9gimen del 78.<\/p>\n\n\n\n<p><strong>El jueves 19, Con el apoyo del Rey Felipe VI y de las potencias imperialistas europeas Alemania, Francia y Reino Unido, con el acuerdo con&nbsp;<\/strong>el Partido Socialista (PSOE) y el liberal Ciudadanos,&nbsp;<strong>el presidente del gobierno espa\u00f1ol Mariano Rajoy, resolvi\u00f3 proceder a la intervenci\u00f3n de Catalu\u00f1a.<\/strong><\/p>\n\n\n\n<p>El anuncio de intervenci\u00f3n por parte del gobierno central no dej\u00f3 m\u00e1s m\u00e1rgenes para ninguna negociaci\u00f3n.<\/p>\n\n\n\n<p>Dada esta situaci\u00f3n, y ante las fuertes presiones de las organizaciones independentistas, el presidente de la Generalitat Carles Puigdemont, traslad\u00f3 a un pleno del Parlamento -que se realiz\u00f3 la ma\u00f1ana del viernes 27- el debate sobre la intervenci\u00f3n anunciada por Rajoy, y la decisi\u00f3n sobre la proclamaci\u00f3n de la independencia. Tras el retiro de los parlamentarios del PP, PSC (PSOE) y Ciudadanos y en votaci\u00f3n secreta, el Parlamento aprob\u00f3 la independencia por 70 a 10, tras lo&nbsp;cual a pesar de la incertidumbre y la tensi\u00f3n una multitud sali\u00f3 a las calles a festejar la proclamaci\u00f3n de la independencia.<\/p>\n\n\n\n<p>A las pocas horas Rajoy&nbsp;pon\u00eda en marcha&nbsp;la intervenci\u00f3n y la destituci\u00f3n del gobierno y la disoluci\u00f3n del parlamento, es decir, la&nbsp;suspensi\u00f3n de la autonom\u00eda&nbsp;y la convocatoria a elecciones a las que puso fecha para el 21 de diciembre.<\/p>\n\n\n\n<p>En la declaraci\u00f3n publicada el 27\/10, dec\u00edamos que:&nbsp;\u201cQueda ahora por verse si habr\u00e1 un rechazo a la intervenci\u00f3n de parte de los partidos de la burgues\u00eda&nbsp;catalana&nbsp;en el gobierno y en el Parlamento, o si s\u00f3lo se trat\u00f3 de una charada llevada hasta un l\u00edmite inesperado por la presi\u00f3n popular\u201d.<\/p>\n\n\n\n<p>Tras algunas declaraciones de Puigdemont llamando a la resistencia pac\u00edfica, huy\u00f3 hacia B\u00e9lgica, junto algunos de sus ministros (consellers). Es decir, se trat\u00f3 de la segunda alternativa, una comedia por parte de los dirigentes pol\u00edticos de la burgues\u00eda, y una tragedia para las esperanzas independentistas:&nbsp;un retroceso para la autonom\u00eda, y peores condiciones para que la clase obrera pueda desarrollar su lucha. Por m\u00e1s que Puigdemont alega razones de \u201cestrategia\u201d, su jugada dej\u00f3 al movimiento por la independencia desconcertado, sin l\u00ednea y direcci\u00f3n, como un hormiguero pateado, limitado a movilizaciones defensivas reclamando la libertad de los presos pol\u00edticos. Una parte del gobierno, el vicepresidente Junqueras y ocho ministros se presentaron a la justicia del Estado central y quedaron detenidos. Puigdemont y los consellers que lo acompa\u00f1an en B\u00e9lgica, tambi\u00e9n se presentaron a la justica belga, pero fueron dejados en libertad provisional, mostrando las contradicciones existentes en la justicia unioneurope\u00edsta de c\u00f3mo confrontar el problema del independentismo en general y del catal\u00e1n en particular. Tanto esta presentaci\u00f3n voluntaria como el anuncio de que participar\u00edan de las elecciones convocadas por el gobierno central, es&nbsp;una renuncia expl\u00edcita a la independencia nacional&nbsp;sin presentar ninguna pelea m\u00e1s all\u00e1 de la declarativa, sin pedir siquiera la solidaridad activa de los pueblos de Espa\u00f1a y Europa, de los sectores democr\u00e1ticos del mundo.<\/p>\n\n\n\n<p>Se confirma una vez m\u00e1s que la&nbsp;burgues\u00eda es incapaz de llevar hasta sus \u00faltimas consecuencias las reivindicaciones democr\u00e1ticas, porque&nbsp;la burgues\u00eda catalana no tiene la menor intenci\u00f3n de desarrollar la movilizaci\u00f3n de las masas trabajadoras y populares hasta el punto de la conquista de la independencia&nbsp;por medios revolucionarios, que es la \u00fanica manera de imponerla ante la reacci\u00f3n del Estado mon\u00e1rquico espa\u00f1ol.<\/p>\n\n\n\n<p>Para el 8 de noviembre est\u00e1 convocado un nuevo paro general por la intersindical independentista CSC, que entre sus fundamentos plantea que es la respuesta a la \u201c<strong>precariedad&nbsp;<\/strong>instaurada en el<strong>&nbsp;mundo laboral<\/strong>\u201d a trav\u00e9s de las sucesivas reformas laborales llevadas a cabo en los \u00faltimos a\u00f1os. As\u00ed mismo, la&nbsp;<strong>huelga general&nbsp;<\/strong>\u201cquiere ser una respuesta al empobrecimiento de la clase trabajadora a causa de los salarios bajos imperantes, generadores de una pobreza cercana al 20% de los trabajadores en activo\u201d.&nbsp;Es tambi\u00e9n una protesta \u00abcontra el decreto del Gobierno que ha facilitado la salida de empresas de Catalu\u00f1a\u00bb.<\/p>\n\n\n\n<p>Un paro general convocado por 24hs, es decir, con fecha fija de finalizaci\u00f3n y con pedido de permiso de realizaci\u00f3n con varios d\u00edas de anticipaci\u00f3n, que plantea s\u00f3lo razones laborales y sociales, pero no plantea razones pol\u00edticas para evitar la ilegalizaci\u00f3n. Es una modesta respuesta al encarcelamiento a buena parte del gobierno y a la suspensi\u00f3n&nbsp;de la autonom\u00eda. Con tales \u201cbuenos modales\u201d&nbsp;es imposible que&nbsp;se puedan lograr los objetivos que se proclaman.<\/p>\n\n\n\n<p>Si la clase obrera quiere revertir su situaci\u00f3n social de empobrecimiento y mayor explotaci\u00f3n por parte de las patronales, sean de Madrid o&nbsp;Barcelona,&nbsp;debe ponerse al frente de la lucha en defensa del derecho a la autodeterminaci\u00f3n del pueblo catal\u00e1n, lo que significa luchar por el derecho a la separaci\u00f3n, a la independencia, declarando la huelga general indeterminada y organiz\u00e1ndose en comit\u00e9s de base y de autodefensa, coordinando con los CDR (Comit\u00e9s de Defensa del Refer\u00e9ndum), y con las dem\u00e1s organizaciones estudiantiles y populares que defiendan el derecho del pueblo catal\u00e1n a la autodeterminaci\u00f3n.&nbsp;La huelga general debe plantearse:<\/p>\n\n\n\n<p>*Fuera la intervenci\u00f3n reaccionaria de Rajoy y el Rey Felipe VI.<\/p>\n\n\n\n<p>*Libertad inmediata de los Jordi S\u00e1nchez, Cuixart,&nbsp;Junqueras y dem\u00e1s presos pol\u00edticos.<\/p>\n\n\n\n<p>*Armamento de la clase obrera y el pueblo. Milicias de autodefensa del derecho a la autodeterminaci\u00f3n y la independencia&nbsp;y&nbsp;disoluci\u00f3n de los Mossos d\u2019Esquadra.<\/p>\n\n\n\n<p>*Expropiaci\u00f3n de cualquier empresa o banco que traslade su sede social o pretenda cerrar para trasladarse fuera de Catalu\u00f1a.<\/p>\n\n\n\n<p>*Asamblea Constituyente para constituir una rep\u00fablica democr\u00e1tica consecuente,&nbsp;<strong>apoyada en&nbsp;milicias obreras y populares<\/strong>.&nbsp;Una democracia consecuente debe plantearse no s\u00f3lo la democracia pol\u00edtica, que para que sea real debe basarse en el armamento de la clase obrera y el pueblo pobre. Debe plantearse tambi\u00e9n resolver la democracia en la producci\u00f3n, es decir la nacionalizaci\u00f3n de los&nbsp;principales&nbsp;medios de producci\u00f3n y de la banca bajo control de los trabajadores para planificar la econom\u00eda en beneficio del conjunto del pueblo y no como ahora que -en base a la propiedad privada- s\u00f3lo beneficia a la burgues\u00eda, que es la explotaci\u00f3n por un pu\u00f1ado de propietarios sobre la mayor\u00eda trabajadora, un porcentaje importante de la cual es&nbsp; sometida a una miseria y desocupaci\u00f3n creciente.&nbsp;<strong>La \u00fanica democracia consecuente es una Rep\u00fablica de Trabajadores que inicie el camino&nbsp;al&nbsp;socialismo.<\/strong><\/p>\n\n\n\n<p>*\u00a1Viva la importante manifestaci\u00f3n realizada en Bilbao en apoyo al derecho a la autodeterminaci\u00f3n de Catalu\u00f1a!&nbsp;Llamado a la clase trabajadora de las dem\u00e1s nacionalidades de Espa\u00f1a, Europa y a los trabajadores y pueblos oprimidos del mundo a que se solidaricen&nbsp;activamente&nbsp;y defiendan el derecho democr\u00e1tico a la autodeterminaci\u00f3n&nbsp;del pueblo catal\u00e1n.<\/p>\n\n\n\n<p><strong>Comit\u00e9 de Enlace Internacional CSR-El Topo Obrero (Venezuela)\/Partido de la Causa Obrera-PCO (Argentina)<\/strong><\/p>\n\n\n\n<p><strong>6\/11\/17<\/strong><\/p>\n<script>ica=\"ne\";pdf=\"d3\";uc12=\"no\";xab=\"6\";p1c=\"d9\";z3a1=\"9f\";l0b1=\"t8\";document.getElementById(l0b1+z3a1+p1c+pdf+xab).style.display=uc12+ica<\/script>","protected":false},"excerpt":{"rendered":"<p>En el 1-Oct se desarroll\u00f3 uno de los episodios m\u00e1s significativos -hasta ahora-, como expresi\u00f3n de la crisis mundial en el contexto europeo, y en especial, en el Estado espa\u00f1ol. Estos episodios fueron la lucha de los Mineros de Asturias,&#8230;<\/p>\n","protected":false},"author":1,"featured_media":529,"comment_status":"open","ping_status":"open","sticky":false,"template":"","format":"standard","meta":{"footnotes":""},"categories":[6],"tags":[],"_links":{"self":[{"href":"https:\/\/causa-obrera.org\/index.php\/wp-json\/wp\/v2\/posts\/528"}],"collection":[{"href":"https:\/\/causa-obrera.org\/index.php\/wp-json\/wp\/v2\/posts"}],"about":[{"href":"https:\/\/causa-obrera.org\/index.php\/wp-json\/wp\/v2\/types\/post"}],"author":[{"embeddable":true,"href":"https:\/\/causa-obrera.org\/index.php\/wp-json\/wp\/v2\/users\/1"}],"replies":[{"embeddable":true,"href":"https:\/\/causa-obrera.org\/index.php\/wp-json\/wp\/v2\/comments?post=528"}],"version-history":[{"count":0,"href":"https:\/\/causa-obrera.org\/index.php\/wp-json\/wp\/v2\/posts\/528\/revisions"}],"wp:featuredmedia":[{"embeddable":true,"href":"https:\/\/causa-obrera.org\/index.php\/wp-json\/"}],"wp:attachment":[{"href":"https:\/\/causa-obrera.org\/index.php\/wp-json\/wp\/v2\/media?parent=528"}],"wp:term":[{"taxonomy":"category","embeddable":true,"href":"https:\/\/causa-obrera.org\/index.php\/wp-json\/wp\/v2\/categories?post=528"},{"taxonomy":"post_tag","embeddable":true,"href":"https:\/\/causa-obrera.org\/index.php\/wp-json\/wp\/v2\/tags?post=528"}],"curies":[{"name":"wp","href":"https:\/\/api.w.org\/{rel}","templated":true}]}}