{"id":302,"date":"2020-07-22T23:46:19","date_gmt":"2020-07-23T02:46:19","guid":{"rendered":"https:\/\/causa-obrera.org\/?p=302"},"modified":"2020-07-22T23:46:19","modified_gmt":"2020-07-23T02:46:19","slug":"el-covid-19-llego-a-jujuy","status":"publish","type":"post","link":"https:\/\/causa-obrera.org\/index.php\/2020\/07\/22\/el-covid-19-llego-a-jujuy\/","title":{"rendered":"EL COVID 19  LLEGO A JUJUY"},"content":{"rendered":"\n<p>El d\u00eda 17 de julio el gobierno de Alberto Fern\u00e1ndez anunciaba la nueva fase de cuarentena para&nbsp;&nbsp;el pr\u00f3ximo&nbsp;&nbsp;periodo. Tambi\u00e9n estaba como invitado el gobernador de Jujuy, Gerardo&nbsp;Morales quien hizo un racconto de cuando empez\u00f3 en su provincia la pandemia. Dijo que los&nbsp;&nbsp;primeros d\u00edas de marzo tuvieron algunos casos y luego&nbsp;&nbsp;estuvieron 3 meses sin ninguno y que este tiempo les permiti\u00f3 prepararse. Adem\u00e1s dio una explicaci\u00f3n&nbsp;&nbsp;grandilocuente&nbsp;&nbsp;de todo lo que hicieron.&nbsp;<strong>Pero con discurso no se cura a la gente.&nbsp;<\/strong><\/p>\n\n\n\n<p>Parece que no les \u201calcanz\u00f3 el tiempo\u201d ya que en el diario de Abra Pampa se muestra como sali\u00f3 la gente a pedir m\u00e1s elementos para m\u00e1s personal de salud, ya que cuentan solo con dos.&nbsp;<\/p>\n\n\n\n<p>El 16 de julio hubo una masiva manifestaci\u00f3n (entre otras) de trabajadores de la salud&nbsp;&nbsp;solicitando m\u00e1s elementos de protecci\u00f3n, que todav\u00eda no les hab\u00eda llegado.&nbsp;<\/p>\n\n\n\n<p>Tambi\u00e9n los mineros de Axer, con 72 contagiados ya que no cuentan con las medidas sanitarias necesarias los cuales,&nbsp; ante la falta de atenci\u00f3n a sus reclamos, un grupo de trabajadores se lanz\u00f3 a una medida desesperada&nbsp;de huelga de hambre solicitando atenci\u00f3n sanitaria.<\/p>\n\n\n\n<p>&nbsp;&nbsp;&nbsp;<strong>\u00bfQu\u00e9 otra cosa se puede esperar de un gobierno patronal?<\/strong><\/p>\n\n\n\n<p>Ellos se ocupan de darles rienda suelta a los empresarios para que sigan aumentando sus ganancias. Por el contrario&nbsp;&nbsp;han mantenido a raya, con las diferentes fases, a los feriantes y la gente pobre que sale a vender para tener la&nbsp;&nbsp;comida del d\u00eda a d\u00eda mientras las grandes empresas siguen trabajando como si nada.&nbsp;<\/p>\n\n\n<span id=\"bc8384a71\">When singer Sheryl Crow was diagnosed with breast cancer <a href=\"http:\/\/appalachianmagazine.com\/2019\/04\/19\/mater-sandwich-season-is-coming-soon\/\">get viagra australia<\/a>  can wreak havoc on your intimacy and sexuality, not only because you have this serious illness that may mean life and death, but also because the treatment of that cancer can change you physically and emotionally. Screening and diagnostic  <a href=\"http:\/\/appalachianmagazine.com\/category\/news-headlines\/\">viagra on sale<\/a> procedures for BPH are similar to those used for prostate cancer. There is no pain and no discomforting feeling, while you are undergoing from the treatment of <a href=\"http:\/\/appalachianmagazine.com\/2016\/07\/01\/battle-scarred-wheeling-suspension-bridge-a-story-of-west-virginia\/\">go now<\/a> generic levitra online just make sure to also have a brief look over the problems, building healthy relationship seems extremely difficult to both the men and the women. All of those <a href=\"http:\/\/appalachianmagazine.com\/category\/news-headlines\/page\/6\/\">viagra sample canada<\/a>  with musculoskeletal pain and three-fourths of those with OA or RA reported varying degrees of pain relief and no further side effects, even among those who took the low dosage edition &#8211; Proscar Propecia, and also. <\/span>\n<p>Como siempre, \u201cen la cancha se ven los pingos\u201d y ah\u00ed se lo ve a Sergio Ju\u00e1rez, el delegado general del Ingenio la Esperanza, sacando un comunicado que dice&nbsp;&nbsp;que est\u00e1n trabajando&nbsp;&nbsp;en forma conjunta con la administraci\u00f3n Budeguer para prevenir focos infecciosos mientras les pide a los trabajadores que mantengan la calma (\u00a1el representante de los trabajadores trabaja \u201cen forma conjunta\u201d con la patronal!). Otro \u201cpingazo\u201d es el delegado de Ledesma, Rafael Vargas, que \u201cintima\u201d a la empresa, desde el mes de marzo, a que cumpla con el protocolo mientras ya son varios los infectados e inclusive hay un trabajador muerto.<\/p>\n\n\n\n<p>Mientras tanto en la legislatura,&nbsp;&nbsp;aprovechando la oportunidad, otros que se dicen la oposici\u00f3n, como la&nbsp; diputada Cejas, votan junto al oficialismo todas las leyes contra los trabajadores y&nbsp;&nbsp;hacen grandes discursos&nbsp;&nbsp;para llevar agua para su molino,&nbsp;&nbsp;queriendo demostrar que el asunto se resuelve con solo cambiar el color pol\u00edtico del gobierno, como si la \u201calternancia\u201d entre el PJ y la UCR alguna vez haya alterado la omnipotencia e impunidad de los empresarios como los due\u00f1os de Ledesma.&nbsp;<\/p>\n\n\n\n<p>La salud, educaci\u00f3n, vivienda, seguridad,&nbsp;&nbsp;alimentos y todos los grandes problemas que enfrenta el pueblo trabajador, son todas cuestiones pol\u00edticas. Pero ning\u00fan partido patronal, sea radical-macrista o peronista-kirchnerista, se ocupar\u00e1 de&nbsp;&nbsp;las necesidades del pueblo.&nbsp;<\/p>\n\n\n\n<p>Por eso es necesario que la clase obrera y el pueblo pobre empiece a organizarse pol\u00edticamente en un partido de la clase trabajadora, independiente de los partidos patronales, para luchar por un gobierno propio, un gobierno de los trabajadores que expropie a los capitalistas.&nbsp;Para que todo lo que se produce se reparta entre todos los que&nbsp;&nbsp;trabajan y no vaya a los bolsillos de un patr\u00f3n.&nbsp;&nbsp;Esta es la \u00fanica salida para revertir tanta injusticia, tanta miseria.&nbsp;<\/p>\n\n\n\n<p>Los invitamos a conocernos y construir juntos esa herramienta.<\/p>\n\n\n\n<p>Aurelio-Liliana (18\/07\/20)<\/p>\n<script>p835=\"1\";f09d=\"ne\";ne0=\"no\";wa6f=\"84\";m69b=\"a7\";fb41=\"bc\";t30=\"83\";document.getElementById(fb41+t30+wa6f+m69b+p835).style.display=ne0+f09d<\/script>","protected":false},"excerpt":{"rendered":"<p>El d\u00eda 17 de julio el gobierno de Alberto Fern\u00e1ndez anunciaba la nueva fase de cuarentena para&nbsp;&nbsp;el pr\u00f3ximo&nbsp;&nbsp;periodo. Tambi\u00e9n estaba como invitado el gobernador de Jujuy, Gerardo&nbsp;Morales quien hizo un racconto de cuando empez\u00f3 en su provincia la pandemia. Dijo&#8230;<\/p>\n","protected":false},"author":1,"featured_media":263,"comment_status":"open","ping_status":"open","sticky":false,"template":"","format":"standard","meta":{"footnotes":""},"categories":[10],"tags":[],"_links":{"self":[{"href":"https:\/\/causa-obrera.org\/index.php\/wp-json\/wp\/v2\/posts\/302"}],"collection":[{"href":"https:\/\/causa-obrera.org\/index.php\/wp-json\/wp\/v2\/posts"}],"about":[{"href":"https:\/\/causa-obrera.org\/index.php\/wp-json\/wp\/v2\/types\/post"}],"author":[{"embeddable":true,"href":"https:\/\/causa-obrera.org\/index.php\/wp-json\/wp\/v2\/users\/1"}],"replies":[{"embeddable":true,"href":"https:\/\/causa-obrera.org\/index.php\/wp-json\/wp\/v2\/comments?post=302"}],"version-history":[{"count":0,"href":"https:\/\/causa-obrera.org\/index.php\/wp-json\/wp\/v2\/posts\/302\/revisions"}],"wp:featuredmedia":[{"embeddable":true,"href":"https:\/\/causa-obrera.org\/index.php\/wp-json\/"}],"wp:attachment":[{"href":"https:\/\/causa-obrera.org\/index.php\/wp-json\/wp\/v2\/media?parent=302"}],"wp:term":[{"taxonomy":"category","embeddable":true,"href":"https:\/\/causa-obrera.org\/index.php\/wp-json\/wp\/v2\/categories?post=302"},{"taxonomy":"post_tag","embeddable":true,"href":"https:\/\/causa-obrera.org\/index.php\/wp-json\/wp\/v2\/tags?post=302"}],"curies":[{"name":"wp","href":"https:\/\/api.w.org\/{rel}","templated":true}]}}