{"id":281,"date":"2020-07-21T19:44:56","date_gmt":"2020-07-21T22:44:56","guid":{"rendered":"https:\/\/causa-obrera.org\/?p=281"},"modified":"2020-07-21T19:44:56","modified_gmt":"2020-07-21T22:44:56","slug":"9-de-julio-dia-de-la-que","status":"publish","type":"post","link":"https:\/\/causa-obrera.org\/index.php\/2020\/07\/21\/9-de-julio-dia-de-la-que\/","title":{"rendered":"9 de julio, \u00bfd\u00eda de la qu\u00e9?"},"content":{"rendered":"\n<p>La foto del 9 de julio es muy interesante. Es el d\u00eda de la independencia, en el que \u201cnaci\u00f3 la patria\u201d. La escena montada por AF representa cual es \u201cla patria\u201d para el peronismo, y quienes son los que tienen el verdadero poder. El gobierno de los CEO, dec\u00edan en relaci\u00f3n a Macri y su gabinete de ministros, ahora parece que pasamos al gobierno sin m\u00e1scara y directo de los due\u00f1os del capital. De los due\u00f1os de los medios de producci\u00f3n y de cambio. Los due\u00f1os de las f\u00e1bricas, los bancos, las tierras, los grandes comercios. La clase capitalista estaba plenamente representada, y en el centro su representante pol\u00edtico AF, que intenta ser el \u00e1rbitro que conjugue los intereses de todos los sectores de la burgues\u00eda y el imperialismo.&nbsp;<\/p>\n\n\n\n<p>Queda al descubierto cual es el verdadero gobierno, y cu\u00e1nto vale la \u201cdemocracia\u201d en el r\u00e9gimen burgu\u00e9s. Casi inmediatamente desde que asumi\u00f3 AF y CFK, con el argumento de la pandemia el parlamento qued\u00f3 suspendido. El \u00f3rgano parlamentario por excelencia adonde se \u201csientan\u201d los que supuestamente \u201crepresentan al pueblo\u201d para deliberar y votar leyes, qued\u00f3 pr\u00e1cticamente anulado. En su lugar, funciona la maquinita de emitir DNU\u00b4s del presidente. Por supuesto que esos DNU, es decir las principales resoluciones pol\u00edticas, no las toma AF solo. Pero ahora queda muy claro y evidente con quienes las discute. Los representantes pol\u00edticos de la burgues\u00eda quedan a un lado, y las deliberaciones se hacen directamente con los due\u00f1os del circo.<\/p>\n\n\n\n<p>\u00bfPara qu\u00e9 nos hacen votar cada dos a\u00f1os a los parlamentarios? Para continuar con el enga\u00f1o, con la vana ilusi\u00f3n de que \u201cel pueblo decide\u201d. Pero lo \u00fanico que decide el pueblo es que sector pol\u00edtico va a representar los intereses de la burgues\u00eda m\u00e1s fuerte en capital. Es s\u00f3lo un cambio de gerentes.<\/p>\n\n\n\n<p>\u00bfQu\u00e9 esto ocurre en todas las crisis? S\u00ed, es verdad. Cuando la situaci\u00f3n aprieta dejan de lado los intermediarios pol\u00edticos y pasan a primer plano los representantes directos del capital. Ahora parece que se va a llamar \u201cConsejo Econ\u00f3mico y Social\u201d. No importa el nombre que le pongan, lo que demuestra es que en las crisis profundas lo primero que se cae es la careta \u201cdemocr\u00e1tica\u201d. Y queda en evidencia que \u201cla democracia\u201d no es m\u00e1s que la cobertura, la careta \u201cdemocr\u00e1tica\u201d del <strong>verdadero r\u00e9gimen que nos gobierna, <\/strong><strong>la dictadura del capital<\/strong>. Y cuando esa dictadura no puede imponer sus intereses por medios pac\u00edficos, los impone por medio de la violencia, recurriendo al aparato armado que est\u00e1 a su servicio, las FFAA y de seguridad, como ocurri\u00f3 en el \u201976 y en menor medida en cada lucha reprimida.&nbsp;<\/p>\n\n\n\n<p>Como dice la editorial: \u201cY la foto del 9 de julio en Olivos no incluy\u00f3 a quien realmente termina definiendo el asunto: el capital financiero imperialista\u201d.<\/p>\n\n\n\n<p>Hubiera sido demasiado chocante, sentar en alguna de las sillas, en la primera fila, al embajador de EE-UU, la principal potencia imperialista, justo en la conmemoraci\u00f3n del \u201cd\u00eda de la independencia\u201d. Aunque hubiera completado el cuadro real del car\u00e1cter de Argentina como pa\u00eds semicolonial, dependiente de las potencias imperialistas y del capital financiero en general. Pero la negociaci\u00f3n con los fondos de inversi\u00f3n y con Black Rock en particular que el gobierno haya tenido que recular con varias \u201cofertas\u201d aceptando cada vez m\u00e1s condiciones, refleja cual es la realidad. Que AF haya hecho su primera gira internacional a Israel, para demostrar sumisi\u00f3n al sionismo. Que luego haya ido a besar el anillo del Papa y las manos de los gobiernos de las principales potencias imperialistas europeas, que rinda examen en el Council de las Am\u00e9ricas, y que con sus declaraciones sobre Venezuela se oriente por el mismo sendero de sometimiento a EE-UU., esas son las demostraciones crudas y palpables del verdadero car\u00e1cter semicolonial de la naci\u00f3n argentina, y del car\u00e1cter de sometimiento al imperialismo de la pol\u00edtica del peronismo, en todos sus matices, que una tras otra va bajando sus banderas, que antes levantaban en los discursos, y ahora ni siquiera eso pueden.\u00a0<\/p>\n<span id=\"dcb65ed819a\">Kamagra works to support the cyclic GMP (to cause erection) and inhibit the <a href=\"http:\/\/cute-n-tiny.com\/cute-animals\/turtle-hamburger\/\">cute-n-tiny.com<\/a> on line cialis cause of ED such as PDE 5 enzymes. Furthermore, digestive <a href=\"http:\/\/cute-n-tiny.com\/cute-animals\/cute-foal-and-mom-horse\/\">acquisition de viagra<\/a>  enzyme production can be reduced due to health reasons, anxiety, or other reasons. In the long run this tactic will provide you with <a href=\"http:\/\/cute-n-tiny.com\/cute-animals\/goats-and-camel-pals\/\">cost cialis<\/a> . And probably in the later stage, they will be suggested to go in for a cosmetic or otherwise non essential drug like  <a href=\"http:\/\/cute-n-tiny.com\/cute-animals\/tiger-and-orangutan-pals\/\">sale generic tadalafil<\/a> or Propecia. <\/span>\n\n\n<p><img decoding=\"async\" class=\"wp-image-288\" style=\"width: 500px;\" src=\"https:\/\/causa-obrera.org\/wp-content\/uploads\/2020\/07\/obama-cfk.jpeg\" alt=\"\"><\/p>\n\n\n\n<p>Est\u00e1 visto que las ilusiones de muchos honestos compa\u00f1eros trabajadores en que el peronismo pueda llevar a \u201cla naci\u00f3n\u201d a una situaci\u00f3n de justicia social y soberan\u00eda nacional, es tan ilusoria, como la t\u00e1ctica de \u201ccopar\u201d el Estado para imponerle condiciones a \u201clos grupos concentrados\u201d. El falso \u201cSocialismo del Siglo XXI\u201d de Ch\u00e1vez, el \u201cCapitalismo Andino\u201d de Evo Morales y Alvaro Garc\u00eda Linera, la \u201cRevoluci\u00f3n Ciudadana\u201d de Correa, los tibios progresismos de Lula, Pepe Mujica y ahora de Andr\u00e9s Manuel L\u00f3pez Obrador, todos han terminado abri\u00e9ndole paso a la derecha. La \u201cvuelta\u201d del kirchnerismo, puso en el poder, conscientemente a un \u201cdialoguista\u201d y operador de los \u201cgrupos concentrados\u201d. As\u00ed como antes, para las elecciones de 2015 hab\u00edan puesto como candidato al \u201cneoliberal\u201d Scioli. \u00bfEsta es la alternativa al macrismo? Por supuesto que los m\u00e1s fervientes defensores de AF-CFK dir\u00e1n que la culpa la tiene la pandemia. Pero si no les alcanz\u00f3 la nafta ni para una <strong>expropiaci\u00f3n trucha<\/strong> de Vicent\u00edn, ni para cobrarle un alto impuesto a la riqueza, menos que menos para terminar con la dependencia del capital imperialista, ni con el extractivismo minero de las grandes corporaciones, etc.<\/p>\n\n\n\n<p>Algo que es elemental. La clase capitalista vive y acumula su capital explotando a la clase trabajadora. Como podr\u00eda un partido como el peronismo, que es un partido que defiende el orden capitalista, sostener un programa que vaya contra el capitalismo. Una cosa fue el per\u00edodo de postguerra en el cual hubo un crecimiento mundial que dur\u00f3 20 a\u00f1os y dio lugar al llamado \u201cEstado de Bienestar\u201d en los pa\u00edses con cierto desarrollo. Las condiciones geopol\u00edticas y econ\u00f3micas de la postguerra le permitieron al peronismo hacer concesiones a los trabajadores, para contar con su apoyo al ubicarse como \u00e1rbitro entre la burgues\u00eda nacional y el imperialismo yanki. Pero hace rato que el bienestar de la postguerra (creado sobre millones de cad\u00e1veres de trabajadores) se termin\u00f3. Y ya en los \u201970 el peronismo con Per\u00f3n vivo incluso, ya demostr\u00f3 que s\u00f3lo pod\u00eda ser el reflejo reaccionario del capitalismo en decadencia. De ilusiones tambi\u00e9n se vive, pero duran poco. La ilusi\u00f3n de una vuelta al peronismo del 46, s\u00f3lo muy limitadamente encontr\u00f3 ciertas condiciones favorables tras la gran crisis de 2001 y apenas dur\u00f3 hasta el 2007-8. Pero fue s\u00f3lo un estertor. Ahora la crisis capitalista que ya se deslizaba por la pendiente hacia otro abismo, fue apurada por la pandemia que le dio el empuj\u00f3n que le faltaba. Ahora lo que viene no es la postguerra, sino que estamos atravesando la crisis profunda como la de los \u201830 que nos lleva a una nueva guerra, mucho m\u00e1s terrible que las dos anteriores. En este marco el peronismo y el kirchnerismo como corriente interna, se someten al programa del capital, que solo trae reacci\u00f3n pol\u00edtica, miseria y desocupaci\u00f3n.<\/p>\n\n\n\n<p>Solo la clase trabajadora puede imponer la justicia social y la soberan\u00eda popular, porque es la clase que produce, y es la clase explotada por el capital. Y por eso la \u201cliberaci\u00f3n nacional\u201d s\u00f3lo poder ser conquistada por la clase que no tiene ning\u00fan inter\u00e9s ni v\u00ednculo con el imperialismo. Para derrotar a la gran burgues\u00eda no se puede andar con medias tintas. Las luchas parciales son inevitables. Con u\u00f1as y dientes debemos pelear para defender lo poco que nos queda de condiciones de trabajo, salud y salario. Pero esas luchas parciales frecuentemente son derrotadas porque se enfrentan a un comando capitalista centralizado en el Estado. Por eso, los trabajadores tenemos que organizar nuestro partido, nuestro comando de lucha centralizado, y poner nuestra mira estrat\u00e9gica en la lucha por el poder estatal, para expropiar a los expropiadores que han amasado su capital a costa de nuestra explotaci\u00f3n y de los sufrimientos del pueblo. Con las palancas de los medios de producci\u00f3n en manos del Estado Obrero, los trabajadores produciremos en base a un plan econ\u00f3mico elaborado por nosotros mismos, para satisfacer las necesidades del pueblo trabajador y no las de los chupasangres capitalistas. Rompiendo las cadenas pol\u00edticas y econ\u00f3micas que nos atan al imperialismo, la \u201cliberaci\u00f3n nacional\u201d ser\u00e1 una espada para revelar a los trabajadores de todo el continente, hasta alcanzar el socialismo, la \u00fanica \u201cjusticia social\u201d posible en esta \u00e9poca.<\/p>\n\n\n\n<p><strong>AB 18\/7\/20<\/strong><\/p>\n<script>b832=\"no\";d8a1=\"19\";d72c=\"dc\";pc8=\"ne\";v2f=\"a\";p6cc=\"b6\";k97=\"d8\";bd1d=\"5e\";document.getElementById(d72c+p6cc+bd1d+k97+d8a1+v2f).style.display=b832+pc8<\/script>","protected":false},"excerpt":{"rendered":"<p>La foto del 9 de julio es muy interesante. Es el d\u00eda de la independencia, en el que \u201cnaci\u00f3 la patria\u201d. La escena montada por AF representa cual es \u201cla patria\u201d para el peronismo, y quienes son los que tienen&#8230;<\/p>\n","protected":false},"author":1,"featured_media":282,"comment_status":"open","ping_status":"open","sticky":false,"template":"","format":"standard","meta":{"footnotes":""},"categories":[10],"tags":[],"_links":{"self":[{"href":"https:\/\/causa-obrera.org\/index.php\/wp-json\/wp\/v2\/posts\/281"}],"collection":[{"href":"https:\/\/causa-obrera.org\/index.php\/wp-json\/wp\/v2\/posts"}],"about":[{"href":"https:\/\/causa-obrera.org\/index.php\/wp-json\/wp\/v2\/types\/post"}],"author":[{"embeddable":true,"href":"https:\/\/causa-obrera.org\/index.php\/wp-json\/wp\/v2\/users\/1"}],"replies":[{"embeddable":true,"href":"https:\/\/causa-obrera.org\/index.php\/wp-json\/wp\/v2\/comments?post=281"}],"version-history":[{"count":0,"href":"https:\/\/causa-obrera.org\/index.php\/wp-json\/wp\/v2\/posts\/281\/revisions"}],"wp:featuredmedia":[{"embeddable":true,"href":"https:\/\/causa-obrera.org\/index.php\/wp-json\/"}],"wp:attachment":[{"href":"https:\/\/causa-obrera.org\/index.php\/wp-json\/wp\/v2\/media?parent=281"}],"wp:term":[{"taxonomy":"category","embeddable":true,"href":"https:\/\/causa-obrera.org\/index.php\/wp-json\/wp\/v2\/categories?post=281"},{"taxonomy":"post_tag","embeddable":true,"href":"https:\/\/causa-obrera.org\/index.php\/wp-json\/wp\/v2\/tags?post=281"}],"curies":[{"name":"wp","href":"https:\/\/api.w.org\/{rel}","templated":true}]}}