{"id":2390,"date":"2026-09-01T21:11:19","date_gmt":"2026-09-01T21:11:19","guid":{"rendered":"https:\/\/causa-obrera.org\/?p=2390"},"modified":"2026-09-01T21:11:20","modified_gmt":"2026-09-01T21:11:20","slug":"el-globo-de-milei-pierde-aire","status":"publish","type":"post","link":"https:\/\/causa-obrera.org\/index.php\/2026\/09\/01\/el-globo-de-milei-pierde-aire\/","title":{"rendered":"El globo de Milei pierde aire"},"content":{"rendered":"\n<p>La importante movilizaci\u00f3n contra la conocida como \u201cLey de tierras\u201d le dio un golpe al gobierno y tuvo que suprimir varios cap\u00edtulos de su proyecto para que fuera aprobada en el senado. En esa movilizaci\u00f3n tambi\u00e9n se vio reflejado un estado de \u00e1nimo de creciente oposici\u00f3n al gobierno que se cristaliz\u00f3 alrededor de una causa por la que gran cantidad de j\u00f3venes y trabajadores independientes -es decir, no organizados pol\u00edticamente- se sintieron convocados a participar.<\/p>\n\n\n\n<p>Este estado de \u00e1nimo tambi\u00e9n se refleja en las encuestas que empiezan a preocupar al gobierno por la constante ca\u00edda de la opini\u00f3n favorable. El fracaso parlamentario y el creciente malestar social fue un golpe de realidad sobre Milei que lo hicieron recluir diez d\u00edas en Olivos.<\/p>\n\n\n\n<p><strong>La estabilidad \u201cmacroecon\u00f3mica\u201d y el invierno de la \u201ceconom\u00eda real\u201d<\/strong><\/p>\n\n\n\n<p>La Argentina es como un buque que sufri\u00f3 el impacto de un torpedo y a duras penas flota con varios compartimentos llenos de agua. Como en el Tit\u00e1nic, los que estamos en las cubiertas inferiores con el agua hasta el cogote, somos los trabajadores. Los capitalistas y la nueva casta corrupta mileista nos mienten mientras bailan al son de la orquesta imperialista yanki-sionista.<\/p>\n\n\n\n<p>La estabilidad \u00abmacroecon\u00f3mica\u00bb que el gobierno esgrime como logro consiste en el ajuste brutal que hicieron en estos casi tres a\u00f1os para pagarle la deuda al FMI y a los acreedores nacionales y extranjeros. Nos condenan a la miseria para pagar esa deuda fraudulenta de d\u00f3lares que fugaron al exterior los empresarios amigos del poder de turno.<\/p>\n\n\n\n<p>Los sectores econ\u00f3micos dominados por la gran burgues\u00eda y el imperialismo, el campo, la energ\u00eda y la miner\u00eda est\u00e1n funcionando y son los que estad\u00edsticamente producen el \u00abcrecimiento\u00bb del PBI.<\/p>\n\n\n\n<p>Como contraparte, la industria en general, pero sobre todo la vinculada al mercado interno, est\u00e1 en recesi\u00f3n provocando m\u00e1s despidos y cierres de empresas.<\/p>\n\n\n\n<p><strong>La clase trabajadora no encuentra perspectivas para resistir la ofensiva capitalista<\/strong><\/p>\n\n\n\n<p>Por m\u00e1s discursos que haga Milei negando la realidad, la situaci\u00f3n social de miseria es grave. Los salarios que vienen cayendo contra la inflaci\u00f3n desde hace a\u00f1os est\u00e1n ahora en su l\u00edmite m\u00e1s bajo de las \u00faltimas d\u00e9cadas en el mismo nivel o inferior al 2001. Los despedidos engrosan las filas de los desocupados. Las changas escasean porque la crisis tambi\u00e9n golpea fuerte a la clase media. El Uber se satura de choferes aspirantes a ingresar. Todo esto se refleja en la ca\u00edda del consumo que denuncian los propios comerciantes y en el aumento de la morosidad de las tarjetas de cr\u00e9dito. Pero toda esta situaci\u00f3n que sufrimos los trabajadores est\u00e1 cruzada por la impotencia y la falta de perspectiva pol\u00edtica.<\/p>\n\n\n\n<p>La CGT-CTA contin\u00faa haciendo la plancha y dejando que pase la pol\u00edtica hambreadora y entreguista del gobierno.<\/p>\n\n\n\n<p>Para disimular un poco su conspiraci\u00f3n contra los trabajadores cumplen un \u201cplan de lucha <em>a la francesa<\/em>\u201d, que consistir\u00e1 en hacer movilizaciones intrascendentes una vez por mes. Pero la raz\u00f3n por la cual la CGT y el resto de las direcciones del movimiento obrero pueden maniobrar con sus agachadas es porque la clase trabajadora no ejerce aun una presi\u00f3n abierta para luchar. El descontento ante la creciente miseria salarial y los despidos-suspensiones es evidente. Sin embargo, no se traduce en acciones independientes que destaquen una vanguardia clasista o un activismo combativo. Prevalece por el momento la pasividad expectante en el marco del temor a perder el trabajo.<\/p>\n\n\n\n<p><strong>Argentina con bandera de remate<\/strong><\/p>\n\n\n\n<p>El gobierno ataca directamente a la clase trabajadora. A los privados con la reforma laboral para aumentar las ganancias patronales, aumentando la flexibilidad laboral, bajando los salarios contra la inflaci\u00f3n, e poniendo trabas a la organizaci\u00f3n y al derecho de huelga.<br>Los despidos estatales son para bajar el gasto p\u00fablico para pagar la deuda al FMI y los banqueros y para bajar los impuestos a los empresarios.<br>Pero adem\u00e1s de este car\u00e1cter marcadamente antiobrero, el gobierno liberal de Milei sigue y profundiza las \u201crelaciones carnales\u201d que cultiv\u00f3 el peronista Carlos Menem con el imperialismo.<br>Al RIGI ya aprobado en el Congreso le suma ahora el \u201csuper\u201d RIGI que establece m\u00e1s ventajas todav\u00eda para las grandes inversiones extranjeras, una reducci\u00f3n hist\u00f3rica de la carga impositiva (con una al\u00edcuota de Ganancias del 15% contra el 25% que paga el RIGI com\u00fan y al 35% del r\u00e9gimen general), contribuciones patronales reducidas al 10%, con una amortizaci\u00f3n acelerada del capital permitiendo deducir el 60% de la inversi\u00f3n durante el primer a\u00f1o y el 40% restante en los dos a\u00f1os siguientes, eximici\u00f3n del pago de aranceles a la importaci\u00f3n y exportaci\u00f3n, estabilidad jur\u00eddica por 30 a\u00f1os, imponiendo un pago de regal\u00edas de apenas el 3%, permitiendo que puedan enviar al exterior las ganancias, es decir, estableciendo condiciones de <strong>un verdadero saqueo al servicio de las empresas imperialistas<\/strong>.<br><br><\/p>\n\n\n\n<p>Por otra parte, el gobierno quiso aprobar en el Congreso la \u201cley de tierras\u201d, con la que se pretend\u00eda eliminar las restricciones actuales (ya reducidas en su momento por CFK) a la compra de tierras por extranjeros, incluyendo de manera ins\u00f3lita las tierras fronterizas y aleda\u00f1as a cursos de agua. Una ley a la medida de Peter Thiel.<\/p>\n\n\n\n<p>En otro acto de gravedad estrat\u00e9gica para cualquier pa\u00eds que quiera mantener alg\u00fan grado de independencia, amputando la posibilidad de una desarrollo cient\u00edfico y tecnol\u00f3gico, Milei ataca las universidades, despide a los trabajadores del INTI, el Conicet y de la CNEA a la par que concede la construcci\u00f3n de un reactor nuclear de dise\u00f1o argentino a una empresa yanki que entrar\u00eda con las ventajas del nuevo super RIGI.<br>La apertura indiscriminada de importaciones que puso en crisis y provoc\u00f3 el cierre de una cantidad importante de industrias con la consecuente ola de despidos y el desfinanciamiento del sector cient\u00edfico-tecnol\u00f3gico implica la postraci\u00f3n de cualquier perspectiva de desarrollo independiente y <strong>un agravamiento de la semicolonizaci\u00f3n del pa\u00eds<\/strong>.<\/p>\n\n\n\n<p>El peronismo kirchnerista y sectores afines<strong> hablan<\/strong> de la defensa de la patria y la soberan\u00eda nacional.<\/p>\n\n\n\n<p>Pero la patria en abstracto comprende un estado, un territorio, relaciones de propiedad y producci\u00f3n y por lo tanto <strong>clases sociales antag\u00f3nicas<\/strong>. En concreto y en tanto los capitalistas son la clase dominante, la patria es de la burgues\u00eda, no es de los trabajadores. La patria es de los due\u00f1os de los medios de producci\u00f3n y de cambio. Ellos son adem\u00e1s quienes controlan el Estado y todas las instituciones intermedias. Lo \u00fanico que tenemos nosotros es nuestra fuerza de trabajo.<\/p>\n\n\n\n<p>Por otra parte, la soberan\u00eda nacional solo existe desde el punto de vista formal: tenemos gobierno, instituciones y leyes propias que hacen a nuestra constituci\u00f3n como naci\u00f3n independiente. Pero en la realidad la econom\u00eda nacional depende del capital extranjero tanto en el plano productivo como en el financiero. Esa dependencia determina la orientaci\u00f3n pol\u00edtica del gobierno, tanto con los liberales como con los peronistas.<\/p>\n\n\n\n<p><strong>Con el gobierno de Milei ese sometimiento es m\u00e1s expl\u00edcito<\/strong>. Las relaciones promiscuas con Donald Trump o la reciente visita de Kristalina Giorgeva, la representante del FMI, son expresiones de esa brutal dependencia. Por lo tanto, la soberan\u00eda nacional es una ficci\u00f3n frente a la cruel realidad de la dominaci\u00f3n del capital imperialista extranjero.<\/p>\n\n\n\n<p>Los peronistas kirchneristas dicen que \u201cla patria no se vende\u201d, pero la Argentina hace rato que est\u00e1 siendo vendida e hipotecada para varias generaciones, tanto por los gobiernos liberales como tambi\u00e9n por los gobiernos peronistas.<br>Para no ir tan lejos en la historia, basta recordar las relaciones carnales de Menem con el imperialismo yanki, a N\u00e9stor Kirchner haciendo sonar la campanita en Wall Streat, a CFK firmando los acuerdos con Chevr\u00f3n sobre Vaca Muerta con cl\u00e1usulas secretas, o recibiendo a la jefa del comando sur de EE-UU, cuando esta declaraba abiertamente que los recursos naturales del pa\u00eds eran una parte vital de la seguridad nacional yanki.<\/p>\n\n\n\n<p>La hipocres\u00eda de los defensores de la patria queda en evidencia cuando dicen que se oponen a la venta de tierras, pero no le tocaron ni un metro a los grandes capitalistas como Elsztain que a trav\u00e9s de su empresa Cresud, posee aproximadamente 540.000 hect\u00e1reas de tierras rurales en la Argentina, y Joe Lewis, el amigo de Macri, sigue siendo due\u00f1o del Lago Escondido. &nbsp;Los gobiernos K festejaron las inversiones extranjeras en la miner\u00eda, el petr\u00f3leo o la industria y toleraron millones de hect\u00e1reas en manos extranjeras directamente a trav\u00e9s de testaferros como el polista argentino Hugo Barabucci, quien admiti\u00f3 en un juicio en Bariloche haber comprado a su nombre casi 20.000 hect\u00e1reas de tierras de gran valor estrat\u00e9gico y ambiental en R\u00edo Negro en la zona de la frontera cordillerana de la Patagonia con fondos donados por el emir de Abu Dhabi.<\/p>\n\n\n\n<p>Cuando el peronismo habla de defensa de la patria, de la industria nacional, de la soberan\u00eda, pretende que los trabajadores seamos furg\u00f3n de cola de la burgues\u00eda nacional que ellos representan.<\/p>\n\n\n\n<p>La patria que defiende el peronismo es la patria semicolonial capitalista, en donde los burgueses nacionales puedan ser socios menores de los consorcios imperialistas. En esa patria los burgueses \u201cnacionales\u201d, due\u00f1os de las f\u00e1bricas, las tierras y los bancos, fugan los capitales acumulados para invertirlos en el exterior. Mientras que los trabajadores solo tenemos nuestra fuerza de trabajo que vendemos por un salario miserable.<br><strong>Bajo el capitalismo a nosotros NADA nos pertenece<\/strong>. Pero aun as\u00ed <strong>luchamos por defender los recursos de la naturaleza y las fuerzas productivas<\/strong> porque cuando los trabajadores tomemos el poder, ser\u00e1n la base patrimonial sobre la cu\u00e1l construiremos el socialismo.<br>Como la clase trabajadora no tiene ning\u00fan inter\u00e9s econ\u00f3mico en com\u00fan como el imperialismo ni con los terratenientes ni con los banqueros, s\u00f3lo un gobierno revolucionario de trabajadores puede romper la dependencia con el FMI y el capital financiero, expropiar al imperialismo, nacionalizar la tierra y los bancos para controlar y dirigir el cr\u00e9dito. Solo as\u00ed se puede conquistar una verdadera soberan\u00eda popular en una patria obrera y socialista, teniendo claro que solo con el triunfo de la revoluci\u00f3n internacional podr\u00e1 derrotar definitivamente al imperialismo y avanzar en la construcci\u00f3n del socialismo.<br><br><\/p>\n\n\n\n<p><strong>La izquierda est\u00e1 inmersa en su \u00abburbuja\u00bb electoral&nbsp;<\/strong><\/p>\n\n\n\n<p>Desde que aparecieron los altos \u00edndices de popularidad de Myriam Bregman, los partidos del FITu se han enroscado en abstractas discusiones alrededor de lo creen que podr\u00eda ser su oportunidad hist\u00f3rica. Erran el an\u00e1lisis y el camino. Si la simpat\u00eda por Bregman es solo electoral, para lo \u00fanico que servir\u00e1 es para que haya algunos diputados de izquierda m\u00e1s en el Congreso. Mientras la izquierda acumule votos, pero no organice sectores de vanguardia vinculados estructuralmente a la clase trabajadora no podr\u00e1 cumplir ning\u00fan papel importante en la lucha de clases y seguir\u00e1 siendo una fuerza marginal en la clase trabajadora. Solo partidos adaptados al r\u00e9gimen burgu\u00e9s pueden esperar una \u201coportunidad hist\u00f3rica\u201d que venga por el camino electoral. La realidad indica que por ahora solo pueden llegar a ser una colectora de izquierda del peronismo para el ballotage. Un verdadero partido revolucionario de la clase obrera debe saber que sin un ascenso importante de las luchas y en consecuencia un avance cualitativo en la conciencia de clase, no puede haber ning\u00fan cambio favorable a los trabajadores.&nbsp;<\/p>\n\n\n\n<p><strong>\u00bfQu\u00e9 dice La Causa Obrera?<\/strong><\/p>\n\n\n\n<p>Impulsamos la organizaci\u00f3n y la lucha por los intereses de la clase trabajadora contra las patronales y el gobierno. Pero tambi\u00e9n explicamos pacientemente que no hay \u00absalida\u00bb dentro del capitalismo. Basta con hacer un repaso serio de los \u00faltimos 50 a\u00f1os de decadencia y retroceso en las condiciones de vida del pueblo trabajador. No es un problema de un gobierno u otro. Radicales, peronistas y liberales que se fueron alternando en el poder para hundirnos en la miseria. Es la crisis del sistema capitalista que, tras una pausa de los 20 a\u00f1os posteriores a la postguerra, a partir de la d\u00e9cada de los 70 retom\u00f3 su senda de decadencia estructural.&nbsp;<\/p>\n\n\n\n<p>Tampoco habr\u00e1 soluciones m\u00e1gicas en las pr\u00f3ximas elecciones para las que todav\u00eda falta m\u00e1s de un a\u00f1o. Si las cosas siguen como hasta ahora lo m\u00e1s probable es que gane Milei o un \u201cmileismo\u201d sin Milei o el peronismo que se acomoda cada vez m\u00e1s a la derecha. Es decir, m\u00e1s de lo mismo.<br>Lo que nos queda en este momento en el que todo viene para atr\u00e1s es organizarnos en cada lugar de laburo para resistir la ofensiva de las patronales y los gobiernos, apoyar las luchas que surjan, tratar de que se coordinen para tener m\u00e1s fuerza.<br>La organizaci\u00f3n empieza con los activistas y compa\u00f1eros m\u00e1s conscientes. Pero como cualquier trabajador puede comprobar por la experiencia, la lucha exclusivamente sindical no alcanza para impedir que las patronales y el gobierno nos exploten y nos hundan en la pobreza. La tarea m\u00e1s importante que tenemos planteada los trabajadores y j\u00f3venes m\u00e1s conscientes es construir un partido revolucionario para luchar por un gobierno de los trabajadores y el socialismo. Ese partido no saldr\u00e1 del FITu como est\u00e1 ahora embarcado en la ilusi\u00f3n electoral y adaptado dentro de los marcos del r\u00e9gimen burgu\u00e9s. Por eso te proponemos que te sumes a construirlo militando con <strong><em>La Causa Obrera<\/em><\/strong>.<\/p>\n","protected":false},"excerpt":{"rendered":"<p>La importante movilizaci\u00f3n contra la conocida como \u201cLey de tierras\u201d le dio un golpe al gobierno y tuvo que suprimir varios cap\u00edtulos de su proyecto para que fuera aprobada en el senado. En esa movilizaci\u00f3n tambi\u00e9n se vio reflejado un&#8230;<\/p>\n","protected":false},"author":3,"featured_media":2391,"comment_status":"open","ping_status":"open","sticky":true,"template":"","format":"standard","meta":{"footnotes":""},"categories":[10],"tags":[],"_links":{"self":[{"href":"https:\/\/causa-obrera.org\/index.php\/wp-json\/wp\/v2\/posts\/2390"}],"collection":[{"href":"https:\/\/causa-obrera.org\/index.php\/wp-json\/wp\/v2\/posts"}],"about":[{"href":"https:\/\/causa-obrera.org\/index.php\/wp-json\/wp\/v2\/types\/post"}],"author":[{"embeddable":true,"href":"https:\/\/causa-obrera.org\/index.php\/wp-json\/wp\/v2\/users\/3"}],"replies":[{"embeddable":true,"href":"https:\/\/causa-obrera.org\/index.php\/wp-json\/wp\/v2\/comments?post=2390"}],"version-history":[{"count":1,"href":"https:\/\/causa-obrera.org\/index.php\/wp-json\/wp\/v2\/posts\/2390\/revisions"}],"predecessor-version":[{"id":2392,"href":"https:\/\/causa-obrera.org\/index.php\/wp-json\/wp\/v2\/posts\/2390\/revisions\/2392"}],"wp:featuredmedia":[{"embeddable":true,"href":"https:\/\/causa-obrera.org\/index.php\/wp-json\/wp\/v2\/media\/2391"}],"wp:attachment":[{"href":"https:\/\/causa-obrera.org\/index.php\/wp-json\/wp\/v2\/media?parent=2390"}],"wp:term":[{"taxonomy":"category","embeddable":true,"href":"https:\/\/causa-obrera.org\/index.php\/wp-json\/wp\/v2\/categories?post=2390"},{"taxonomy":"post_tag","embeddable":true,"href":"https:\/\/causa-obrera.org\/index.php\/wp-json\/wp\/v2\/tags?post=2390"}],"curies":[{"name":"wp","href":"https:\/\/api.w.org\/{rel}","templated":true}]}}