{"id":2386,"date":"2026-08-30T22:18:11","date_gmt":"2026-08-30T22:18:11","guid":{"rendered":"https:\/\/causa-obrera.org\/?p=2386"},"modified":"2026-08-30T22:18:12","modified_gmt":"2026-08-30T22:18:12","slug":"la-guerra-que-hay-ahora-y-la-guerra-que-viene","status":"publish","type":"post","link":"https:\/\/causa-obrera.org\/index.php\/2026\/08\/30\/la-guerra-que-hay-ahora-y-la-guerra-que-viene\/","title":{"rendered":"La guerra que hay ahora y la guerra que viene"},"content":{"rendered":"\n<p>Hace pocos d\u00edas, casi en simult\u00e1neo con el intento oficial de hacer votar en el senado la llamada \u201cLey de tierras\u201d, se conoci\u00f3 que en Mendoza varios empresarios compraron hace un tiempo unas 32 mil hect\u00e1reas porque sostienen que la Argentina es un refugio frente a la guerra mundial que viene.<\/p>\n\n\n\n<p>La noticia tuvo mucha repercusi\u00f3n porque la levanta el Financial Times que es un diario \u201cserio\u201d del capital financiero: \u201cEl prestigioso medio detall\u00f3 el proyecto que un grupo liderado por el argentino Mart\u00edn Varsavsky impulsa en un enclave remoto con viviendas modulares, domos geod\u00e9sicos y energ\u00eda solar en medio de la naturaleza virgen\u201d, dice Infobae.<\/p>\n\n\n\n<p>Varsavsky defini\u00f3 el proyecto como una respuesta a un escenario geopol\u00edtico que considera ya en marcha. \u201c<strong>Ya estamos en la Tercera Guerra Mundial, las l\u00edneas de batalla ya est\u00e1n trazadas\u201d,<\/strong> dijo a&nbsp;<em>Financial Times<\/em>.<\/p>\n\n\n\n<p>Efectivamente en Europa se desarrolla una guerra que lleva ya 4 a\u00f1os y medio, m\u00e1s de lo que dur\u00f3 la primera guerra mundial. En esa guerra se enfrentan directamente Rusia y Ucrania, pero Ucrania act\u00faa como \u201cproxy\u201d de la OTAN. Por el lado ruso, es sabido que Corea del Norte provee no solo de municiones, misiles y drones, sino que ha aportado varias decenas de miles de soldados. Tambi\u00e9n hasta febrero de este a\u00f1o, cuando se produjo el ataque de Israel y EE-UU contra Ir\u00e1n, este pa\u00eds aportaba al frente ruso gran cantidad de drones. As\u00ed es que <strong>ambas guerras<\/strong>, la que se desarrolla en Europa y la que ocurre en Medio Oriente <strong>est\u00e1n conectadas<\/strong> <strong>y preanuncian un gran enfrentamiento mundial<\/strong> cuyos protagonistas centrales ser\u00e1n EE-UU con sus aliados contra China y Rusia con los suyos.<\/p>\n\n\n\n<p>Este enfrentamiento en una tercera guerra mundial es inevitable, porque no hay lugar en el mercado mundial para dos grandes potencias imperialistas como EE-UU y China.<\/p>\n\n\n\n<p>Mientras tanto se van produciendo los preparativos y en estas guerras van midiendo los puntos d\u00e9biles del enemigo y las dificultades propias.<br>Como parte de esos preparativos ya hay en curso una ofensiva pol\u00edtica, econ\u00f3mica y militar de EE-UU sobre todo el continente americano, con el objetivo de cerrarlo en un solo frente alineado y dominado por EE-UU.<br>Con el secuestro de Maduro y su mujer, tras un breve operativo militar, Trump <strong>someti\u00f3 a Venezuela con el acuerdo del chavismo<\/strong> que dio un giro de 180 grados en su relaci\u00f3n con el imperialismo yanki.<br>EE-UU estuvo interviniendo en todos los procesos electorales latinoamericanos apoyando a los candidatos de ultraderecha.<br>En las elecciones de medio t\u00e9rmino en octubre del a\u00f1o pasado no solo respald\u00f3 a Milei pol\u00edticamente sino con el anuncio de un swap para evitar una corrida cambiaria que muy posiblemente se hubiera llevado puesto al gobierno.<br>Por eso Milei es una pieza importante en el esquema de dominaci\u00f3n yanki. No puede extra\u00f1ar entonces las relaciones del gobierno con Peter Thiel, ni que este haya decidido afincarse tambi\u00e9n en este nuevo para\u00edso liberal de los m\u00e1s grandes megamillonarios. Tampoco es sorpresa que la \u201cley de tierras\u201d, junto con la de glaciares y el super RIGI estuvieran dirigidos a satisfacer los requerimientos para la instalaci\u00f3n de grandes centros de datos para la Inteligencia Artificial.<\/p>\n\n\n\n<p>Unidas todas las piezas podemos ver que ya ahora somos parte de los preparativos de la pr\u00f3xima guerra mundial.<br>Para ello necesitan someternos, derrotarnos. Bajos salarios, reforma laboral, liquidaci\u00f3n de la universidad gratuita, de los institutos donde se desarrolla la ciencia y la investigaci\u00f3n, y cierres de empresas que van dejando un tendal de desocupados que tienen que arreglarse como puedan.<br>Nos quieren de rodillas, para que los capitalistas puedan hacer sus negocios en \u201clibertad\u201d sin que los trabajadores molesten con sus reclamos.<\/p>\n\n\n\n<p>Como parte de este plan Trump y varios gobiernos latinoamericanos han acordado la formaci\u00f3n del \u201cEscudo de las Am\u00e9ricas\u201d que es una de las formas en que se materializa la reactualizada doctrina Monroe y con la excusa del combate al narcotr\u00e1fico se proponen<strong> c<\/strong>oordinar operaciones militares y policiales. Otra forma es la \u201ccooperaci\u00f3n\u201d internacional basada en inteligencia, seguridad y financiamiento para combatir el denominado \u00abterrorismo de izquierda\u00bb, anunciada a mediados de julio en una cumbre encabezada por el secretario de Estado de EE-UU Marco Rubio, en la que particip\u00f3 el canciller argentino Pablo Quirno. Esta es una reedici\u00f3n a nivel continental del macartismo para perseguir a las organizaciones y militantes de izquierda que luchen contra este plan imperialista.<\/p>\n\n\n\n<p>Nos deslizamos como si fu\u00e9ramos en una cinta transportadora cuesta abajo. Es el momento de despertar y ver lo que est\u00e1 pasando antes de que sea demasiado tarde.<br>Lo que tenemos que hacer. es justamente lo que los yankis y Milei temen: organizarnos en un partido los trabajadores y estudiantes conscientes, para luchar contra la opresi\u00f3n imperialista y la explotaci\u00f3n capitalista, para no ser ratones del experimento liberal \u201clibertario\u201d ni volver atr\u00e1s al populismo peronista. Esas dos son solo variantes de un mismo sistema capitalista, que como lo demuestra un mundo en guerras permanentes es lo que verdaderamente fracas\u00f3. \u00a0Lo \u00fanico que se contrapone al capitalismo es el socialismo. El verdadero socialismo en ning\u00fan pa\u00eds se pudo alcanzar porque fue corrompido por la casta stalinista. Pero solo el socialismo, el verdadero de Marx y Engels, de Lenin y Trotsky, es el que puede abrir un futuro a la humanidad. <strong>Organizate con La Causa Obrera para luchar por ese objetivo.<\/strong><\/p>\n\n\n\n<p>27\/8\/26<\/p>\n","protected":false},"excerpt":{"rendered":"<p>Hace pocos d\u00edas, casi en simult\u00e1neo con el intento oficial de hacer votar en el senado la llamada \u201cLey de tierras\u201d, se conoci\u00f3 que en Mendoza varios empresarios compraron hace un tiempo unas 32 mil hect\u00e1reas porque sostienen que la&#8230;<\/p>\n","protected":false},"author":3,"featured_media":2387,"comment_status":"open","ping_status":"open","sticky":true,"template":"","format":"standard","meta":{"footnotes":""},"categories":[14],"tags":[],"_links":{"self":[{"href":"https:\/\/causa-obrera.org\/index.php\/wp-json\/wp\/v2\/posts\/2386"}],"collection":[{"href":"https:\/\/causa-obrera.org\/index.php\/wp-json\/wp\/v2\/posts"}],"about":[{"href":"https:\/\/causa-obrera.org\/index.php\/wp-json\/wp\/v2\/types\/post"}],"author":[{"embeddable":true,"href":"https:\/\/causa-obrera.org\/index.php\/wp-json\/wp\/v2\/users\/3"}],"replies":[{"embeddable":true,"href":"https:\/\/causa-obrera.org\/index.php\/wp-json\/wp\/v2\/comments?post=2386"}],"version-history":[{"count":1,"href":"https:\/\/causa-obrera.org\/index.php\/wp-json\/wp\/v2\/posts\/2386\/revisions"}],"predecessor-version":[{"id":2388,"href":"https:\/\/causa-obrera.org\/index.php\/wp-json\/wp\/v2\/posts\/2386\/revisions\/2388"}],"wp:featuredmedia":[{"embeddable":true,"href":"https:\/\/causa-obrera.org\/index.php\/wp-json\/wp\/v2\/media\/2387"}],"wp:attachment":[{"href":"https:\/\/causa-obrera.org\/index.php\/wp-json\/wp\/v2\/media?parent=2386"}],"wp:term":[{"taxonomy":"category","embeddable":true,"href":"https:\/\/causa-obrera.org\/index.php\/wp-json\/wp\/v2\/categories?post=2386"},{"taxonomy":"post_tag","embeddable":true,"href":"https:\/\/causa-obrera.org\/index.php\/wp-json\/wp\/v2\/tags?post=2386"}],"curies":[{"name":"wp","href":"https:\/\/api.w.org\/{rel}","templated":true}]}}