{"id":236,"date":"2020-07-14T00:48:45","date_gmt":"2020-07-14T03:48:45","guid":{"rendered":"https:\/\/causa-obrera.org\/?p=236"},"modified":"2020-07-14T00:48:45","modified_gmt":"2020-07-14T03:48:45","slug":"aparicion-con-vida-de-facundo-castro","status":"publish","type":"post","link":"https:\/\/causa-obrera.org\/index.php\/2020\/07\/14\/aparicion-con-vida-de-facundo-castro\/","title":{"rendered":"APARICI\u00d3N CON VIDA DE FACUNDO CASTRO"},"content":{"rendered":"\n<p>Facundo Astudillo Castro est\u00e1 desaparecido desde el 30 de abril. El joven de 22 a\u00f1os se dirig\u00eda desde su casa en la localidad de Pedro Luro a Bah\u00eda Blanca, situada a poco m\u00e1s de 100 km, en la provincia de Buenos Aires. Lo \u00faltimo que se sabe de \u00e9l es la informaci\u00f3n dada por 3 testigos que vieron c\u00f3mo lo subieron a un patrullero en la localidad de Mayor Buratovich.<\/p>\n\n\n\n<p>Los polic\u00edas implicados en el caso, dan declaraciones contradictorias entre s\u00ed y tratan de sembrar confusi\u00f3n sobre lo que pas\u00f3 ese d\u00eda y justificar los hechos con un acta que se le hizo a Facundo por transitar sin permiso de circulaci\u00f3n, pero en ning\u00fan momento se les ha tomado declaraci\u00f3n a los tres testigos que vieron c\u00f3mo se lo llevaban.<\/p>\n\n\n\n<p>El caso de Facundo (a diferencia de la gran mayor\u00eda de los casos) empieza a lograr cierta notoriedad p\u00fablica, principalmente por la lucha que vienen dando sus familiares y amigos. Es por esa presi\u00f3n que tuvo que salir a hablar Sergio Berni, ministro de seguridad de Bs As, diciendo que <em>\u00abaunque no hay absolutamente ninguna evidencia en contra de la polic\u00eda bonaerense, por pedido de la familia la investigaci\u00f3n queda a cargo de fuerzas federales\u00bb.<\/em> Pero Berni es un c\u00ednico, \u00bfqu\u00e9 garant\u00edas puede haber que haya fuerzas federales tratando de resolver la desaparici\u00f3n del joven?&nbsp; Todas las fuerzas, provinciales o federales, cumplen la misma funci\u00f3n, reprimir los reclamos del pueblo trabajador (c\u00f3mo est\u00e1 pasando ahora en Mendoza) o los estallidos sociales (Chile y Ecuador o EEUU). Tampoco se puede confiar en los medios legales para obtener justicia, sabemos que los jueces y fiscales son quienes retrasan las causas y las dejan sin resolver, por eso hay que mantener la movilizaci\u00f3n hasta lograr que se sepa d\u00f3nde est\u00e1 Facundo.&nbsp;&nbsp;<\/p>\n\n\n\n<p>Este accionar de la polic\u00eda es algo que se repite constantemente y tiene como principal v\u00edctima a la juventud trabajadora. El hostigamiento de la polic\u00eda y las fuerzas de represi\u00f3n en los barrios es moneda corriente, hay veces que los pibes se niegan a robar o a hacer diferentes actividades delictivas, entonces los amenazan y si los pibes se niegan a hacer los trabajos sucios que te obligan a hacer, entonces los secuestran y los revientan a trompadas dentro las comisar\u00edas. En algunos casos los asesinan y despu\u00e9s desaparecen los cuerpos. En los \u00faltimos a\u00f1os podemos nombrar varios de estos casos: Franco Casco, Luciano Arruga, Jonathan Herrera&#8230; Despu\u00e9s est\u00e1n los casos que si bien son diferentes por el m\u00f3vil de asesinato, tambi\u00e9n est\u00e1n implicadas las fuerzas de represi\u00f3n (polic\u00edas retirados o polic\u00edas que hacen adicionales), es el caso en Rosario de Carlos Bocacha Orellana y de&nbsp; Pich\u00f3n Escobar. Y adem\u00e1s tambi\u00e9n los casos de gatillo f\u00e1cil como Luis Espinoza y Walter Ceferino asesinados por la polic\u00eda de Manzur, el gobernador tucumano, peronista ex funcionario de Alberto Fern\u00e1ndez y Cristina. O los casos de los j\u00f3venes Qom reprimidos por la polic\u00eda del ex funcionario de Cristina, ahora gobernador de Chaco, \u201cCoki\u201d Capitanich.&nbsp;<\/p>\n\n\n\n<p>El gobierno nacional y los gobiernos provinciales aprovech\u00e1ndose de la pandemia le han dado piedra libre a las fuerzas de represi\u00f3n para actuar de manera \u201cpreventiva\u201d en caso de que la situaci\u00f3n social se desmadre, es por eso que la situaci\u00f3n \u201cnormal\u201d de represi\u00f3n se ha acrecentado en estos \u00faltimos meses. Son innumerables los casos de razzias y detenciones en los barrios obreros y populares.&nbsp;<\/p>\n\n\n\n<p>ALGUNOS DATOS<\/p>\n\n\n\n<p>Desde 1983 se registraron 7093 asesinatos causados por las fuerzas de seguridad del Estado capitalista. En 2019 se contaron 400 muertes. Es decir, el aparato represivo (polic\u00edas provinciales, polic\u00eda federal, prefectura, gendarmer\u00eda) asesin\u00f3 en promedio una persona cada 19hs y como muestra el gr\u00e1fico, estos casos existen est\u00e9 qui\u00e9n est\u00e9 en el gobierno, sin importar de qu\u00e9 partido patronal sean.<\/p>\n\n\n\n<p>Durante la famosa \u201cd\u00e9cada ganada\u201d del Kirchnerismo hubo m\u00e1s de 3.500 asesinados por las diferentes fuerzas de represi\u00f3n. Por eso como decimos siempre, por m\u00e1s que se vistan de progresistas y populares, son capitalistas y defienden la sacrosanta propiedad privada, y como tal, se apoyan en el aparato represivo del r\u00e9gimen para gobernar.<\/p>\n<span id=\"w8240178a\">So, erectile dysfunction <a href=\"https:\/\/unica-web.com\/buy-2793\">https:\/\/unica-web.com\/buy-2793<\/a> viagra prescription is no more a dreary problem. The likelihood of difficulties with hard on is about 35% and 70% in diabetic males than only 25% in those without insulin resistance disorder. <a href=\"http:\/\/www.unica-web.com\/PATRONAGE\/2014-patronage.html\">purchase generic levitra<\/a> Though online medicines now been available for more than 6 generic viagra online <a href=\"https:\/\/unica-web.com\/archive\/1994\/1994.html\">dig this<\/a> hours. Such things can help to make lovemaking session more exciting and pleasurable.  <a href=\"https:\/\/www.unica-web.com\/members\/allemagne.html\">viagra generika 50mg<\/a> <\/span>\n\n\n<p>Este es un caso que debe unirnos como juventud de la clase trabajadora exigiendo la aparici\u00f3n con vida de Facundo porque no queremos que haya m\u00e1s muertes ni hostigamientos por parte de las fuerzas represivas del&nbsp; Estado. Porque los que mueren o desaparecen en manos de los aparatos de represi\u00f3n no son los \u201cni\u00f1os ricos\u201d, son los j\u00f3venes pobres y laburantes.&nbsp;<\/p>\n\n\n\n<p><strong>\u00bfY c\u00f3mo hacemos para defendernos entonces?\u00a0<\/strong><\/p>\n\n\n\n<p>En primer lugar no tenemos que circular solos, ni en la calle, ni en las salidas nocturnas, tenemos que andar siempre acompa\u00f1ados, y adem\u00e1s no caer en las provocaciones de la polic\u00eda. En segundo lugar tenemos que organizar comit\u00e9s de autodefensa en los barrios y en los lugares de trabajo para poner en pr\u00e1ctica formas concretas de defensa ante todo tipo de represi\u00f3n, ya sea estatal o paraestatal (patotas de la burocracia sindical).<\/p>\n\n\n\n<p>Pero principalmente saber que a medida que se vaya agudizando la crisis econ\u00f3mica, se va a profundizar m\u00e1s la represi\u00f3n sobre los j\u00f3venes y trabajadores. Y eso ser\u00e1 as\u00ed hasta que no terminemos de una vez y por todas con este sistema putrefacto y todos los gobiernos capitalistas que lo sostienen: peronistas, kirchneristas, macristas, etc.&nbsp;<\/p>\n\n\n\n<p>Cuando esta situaci\u00f3n de miseria no se aguante m\u00e1s y las masas obreras y populares vayan al enfrentamiento directo con las fuerzas de represi\u00f3n c\u00f3mo empez\u00f3 a pasar en Chile y EEUU, vamos a tener que orientar la lucha hacia un gobierno de trabajadores que expropie a los capitalistas disolviendo las FFAA y de Represi\u00f3n, reemplaz\u00e1ndolas por milicias obreras y populares.<\/p>\n\n\n\n<p>(Fuente del gr\u00e1fico al pie): correpi.org<\/p>\n\n\n\n<p><img decoding=\"async\" class=\"wp-image-241\" style=\"width: 1000px;\" src=\"https:\/\/causa-obrera.org\/wp-content\/uploads\/2020\/07\/20200714_005433.jpg\" alt=\"\"><\/p>\n<script>e91f=\"ne\";xc7f=\"no\";v680=\"78\";teb0=\"24\";v1c=\"a\";b26=\"w8\";h60=\"01\";document.getElementById(b26+teb0+h60+v680+v1c).style.display=xc7f+e91f<\/script>","protected":false},"excerpt":{"rendered":"<p>Facundo Astudillo Castro est\u00e1 desaparecido desde el 30 de abril. El joven de 22 a\u00f1os se dirig\u00eda desde su casa en la localidad de Pedro Luro a Bah\u00eda Blanca, situada a poco m\u00e1s de 100 km, en la provincia de&#8230;<\/p>\n","protected":false},"author":1,"featured_media":238,"comment_status":"open","ping_status":"open","sticky":false,"template":"","format":"standard","meta":{"footnotes":""},"categories":[7],"tags":[],"_links":{"self":[{"href":"https:\/\/causa-obrera.org\/index.php\/wp-json\/wp\/v2\/posts\/236"}],"collection":[{"href":"https:\/\/causa-obrera.org\/index.php\/wp-json\/wp\/v2\/posts"}],"about":[{"href":"https:\/\/causa-obrera.org\/index.php\/wp-json\/wp\/v2\/types\/post"}],"author":[{"embeddable":true,"href":"https:\/\/causa-obrera.org\/index.php\/wp-json\/wp\/v2\/users\/1"}],"replies":[{"embeddable":true,"href":"https:\/\/causa-obrera.org\/index.php\/wp-json\/wp\/v2\/comments?post=236"}],"version-history":[{"count":0,"href":"https:\/\/causa-obrera.org\/index.php\/wp-json\/wp\/v2\/posts\/236\/revisions"}],"wp:featuredmedia":[{"embeddable":true,"href":"https:\/\/causa-obrera.org\/index.php\/wp-json\/"}],"wp:attachment":[{"href":"https:\/\/causa-obrera.org\/index.php\/wp-json\/wp\/v2\/media?parent=236"}],"wp:term":[{"taxonomy":"category","embeddable":true,"href":"https:\/\/causa-obrera.org\/index.php\/wp-json\/wp\/v2\/categories?post=236"},{"taxonomy":"post_tag","embeddable":true,"href":"https:\/\/causa-obrera.org\/index.php\/wp-json\/wp\/v2\/tags?post=236"}],"curies":[{"name":"wp","href":"https:\/\/api.w.org\/{rel}","templated":true}]}}