{"id":2256,"date":"2025-10-31T01:09:08","date_gmt":"2025-10-31T01:09:08","guid":{"rendered":"https:\/\/causa-obrera.org\/?p=2256"},"modified":"2025-10-31T01:10:35","modified_gmt":"2025-10-31T01:10:35","slug":"pasaron-las-elecciones-pero-quedaron-los-problemas-y-todavia-falta-lo-peor","status":"publish","type":"post","link":"https:\/\/causa-obrera.org\/index.php\/2025\/10\/31\/pasaron-las-elecciones-pero-quedaron-los-problemas-y-todavia-falta-lo-peor\/","title":{"rendered":"Pasaron las elecciones, pero quedaron los problemas.                                                                          Y todav\u00eda falta lo peor"},"content":{"rendered":"\n<p>\u201cContala como quieras\u201d, podr\u00eda ser la frase que describa mejor la pugna de cada sector pol\u00edtico por imponer el \u201crelato\u201d que m\u00e1s le conviene respecto del resultado electoral. La realidad indica que el gobierno de Milei (LLA) gan\u00f3 a nivel nacional con el 40% de los votos emitidos, pero eso representa apenas un 26% del padr\u00f3n electoral total, ya que la abstenci\u00f3n (no concurrir, voto en blanco o nulo) fue del 35%.&nbsp; Y es por eso que el 31% que obtuvo el peronismo, es apenas un 20% del total.<\/p>\n\n\n\n<p>El llamativo vuelco a favor de Milei, aun en la provincia de Buenos Aires -a menos de dos meses de haber perdido por 14 puntos-, estuvo marcado por dos cuestiones claves: El rechazo al kirchnerismo como \u201cmal mayor\u201d moviliz\u00f3 a un sector de descontentos con el gobierno de Milei que en las elecciones provinciales de septiembre no fue a votar. La participaci\u00f3n pas\u00f3 de 61% a 68%. Junto con esto es evidente que los que volvieron a votar por Milei -aunque no est\u00e9n conformes con su gobierno- estuvieron tambi\u00e9n impulsados por el temor a caer en una crisis mayor si Milei perd\u00eda. Es decir, que el apoyo y a la vez la extorsi\u00f3n de Trump -que dijo que solo apoyar\u00eda a Argentina si Milei ganaba- tuvo un efecto importante.<\/p>\n\n\n\n<p>Todo este operativo imperialista de rescate al gobierno de Milei, que consisti\u00f3 en el pr\u00e9stamo adicional de 14 mil millones de d\u00f3lares de abril, las dos reuniones p\u00fablicas con Donald Trump, m\u00e1s la intervenci\u00f3n financiera directa del Tesoro de EEUU anunciando 20 mil millones de d\u00f3lares, indica que es una realidad lo que el propio gobierno norteamericano declara: que la Argentina con el gobierno servil de Milei, se ha transformado en una cuesti\u00f3n vital para ellos. Pero \u00bfpor qu\u00e9? \u00bfQu\u00e9 quieren los yankis de nuestro pa\u00eds? Como dijo Milei, <strong>un alineamiento incondicional para la guerra que preparan contra China y Rusia<\/strong>. Quieren poner bases militares (ya se est\u00e1 construyendo una en Ushuaia) y que aceptemos sin chistar lo que ellos digan. Pero, adem\u00e1s,<strong> a cambio del apoyo, Milei debe entregar los recursos naturales (uranio, litio, cobre, tierras raras), favorecer a las empresas y bancos yankis, y \u201cechar a China\u201d de todos los negocios, salvo de las exportaciones de soja. Es parte de la pol\u00edtica de alineamiento del gobierno de Trump en Am\u00e9rica Latina. Al gobierno lacayo de Milei lo premian con el salvataje financiero, mientras ejercen presi\u00f3n militar directa contra el gobierno de Venezuela, le quitan subsidios al gobierno de Colombia, le aumenta aranceles a Brasil y ahora tambi\u00e9n ataca dos botes enfrente de Acapulco en M\u00e9xico, todo con la excusa del combate al narcotr\u00e1fico. Es la pol\u00edtica imperialista de EEUU expuesta abiertamente para controlar la regi\u00f3n.<\/strong><\/p>\n\n\n\n<p><strong>Reforma antiobrera y m\u00e1s ajuste<\/strong><\/p>\n\n\n\n<p>Por otra parte, est\u00e1 claro que la \u201cayuda\u201d no es en beneficio de \u201clos argentinos\u201d, la plata no va al bolsillo de los trabajadores, sino que est\u00e1 destinada a que puedan cobrar la deuda los bancos acreedores y con el FMI. Pero los d\u00f3lares que tanto este gobierno como los anteriores pidieron prestados y despu\u00e9s los capitalistas y banqueros \u201cfugaron\u201d del pa\u00eds, esos s\u00ed los tenemos que pagar nosotros. \u00bfC\u00f3mo? Trabajando m\u00e1s y ganando menos, reforma laboral mediante. La mayor explotaci\u00f3n a la que nos quieren condenar con la reforma laboral y los nuevos convenios que pacta la burocracia sindical de la CGT-CTA y los sindicatos con las c\u00e1maras patronales, no es solo para pagar la deuda externa en d\u00f3lares y la deuda \u201cp\u00fablica\u201d en pesos, sino tambi\u00e9n <strong>para aumentar las ganancias patronales<\/strong> (ellos le llaman bajar el costo laboral). Para invertir los empresarios quieren que sea facil y barato despedir, arreglar salarios por f\u00e1brica o individualmente m\u00e1s bajos que las paritarias, hacerte trabajar las horas que ellos quieran y como quieran y limitar todo lo que puedan el derecho de huelga. En una palabra, quieren quebrar a la clase trabajadora, reducirla a individuos indefensos frente a los intereses de las patronales.<\/p>\n\n\n\n<p>Con la reforma laboral est\u00e1 muy claro que la \u00fanica libertad que avanza es la de los capitalistas para aumentar la explotaci\u00f3n de los trabajadores.<\/p>\n\n\n\n<p><strong>Nos quieren hacer pagar la plata que se fugaron los banqueros y empresarios<\/strong><\/p>\n\n\n\n<p>Bessent y el FMI le ordenan a Milei-Caputo \u201cacumular reservas\u201d para pagar las deudas. Para eso dejar\u00e1n subir el d\u00f3lar, con lo que volver\u00e1 a aumentar la inflaci\u00f3n. Milei va a aceptar de buena manera. Si antes no lo hizo fue por la necesidad de pasar las elecciones de medio termino con baja inflaci\u00f3n.<\/p>\n\n\n\n<p>Lo concreto es que el gobierno -tras zafar de una cat\u00e1strofe financiera y electoral- fortalecido con este resultado electoral, con el apoyo del imperialismo yanki y el respaldo de los gobernadores, se prepara para apretarnos m\u00e1s las clavijas y hacer pasar en primer lugar la reforma laboral reaccionaria, pero ni bien puedan van a querer meter la reforma previsional, que vendr\u00e1 con un aumento de la edad jubilatoria.<\/p>\n\n\n\n<p>Los trabajadores <strong>no podemos esperar nada del peronismo<\/strong> que con su pacto de paz social ha dejado pasar gran parte del ajuste de Milei. Los dirigentes peronistas son el sost\u00e9n principal del r\u00e9gimen capitalista.<\/p>\n\n\n\n<p>En la provincia de Bs As la situaci\u00f3n es la misma que en todo el pais. Siendo el 40% de la poblaci\u00f3n, y una provincia rica por la producci\u00f3n agroganadera de la pampa h\u00fameda, Kicillof mira a los trabajadores c\u00f3mo quedan en la calle cuando los echan o cierran las f\u00e1bricas, como si gobernara en otro planeta. \u00bfGobierna al 40% del pa\u00eds y no puede hacer nada diferente?<\/p>\n\n\n\n<p>Menos podemos esperar de la traidora CGT y de sus fotocopias seudo-progresistas las CTA. Las centrales sindicales estuvieron apoyando la campa\u00f1a electoral peronista en lugar de impulsar la lucha por las necesidades de la clase trabajadora. En los hechos estuvieron sosteniendo al gobierno de Milei, ya que como lo reconoci\u00f3 Barrionuevo, si \u201csal\u00edan a la calle \u00bfCu\u00e1nto iba a durar el gobierno?\u201d<\/p>\n\n\n\n<figure class=\"wp-block-image size-full\"><img loading=\"lazy\" decoding=\"async\" width=\"780\" height=\"434\" src=\"https:\/\/causa-obrera.org\/wp-content\/uploads\/2025\/10\/image.png\" alt=\"\" class=\"wp-image-2258\" srcset=\"https:\/\/causa-obrera.org\/wp-content\/uploads\/2025\/10\/image.png 780w, https:\/\/causa-obrera.org\/wp-content\/uploads\/2025\/10\/image-300x167.png 300w, https:\/\/causa-obrera.org\/wp-content\/uploads\/2025\/10\/image-768x427.png 768w\" sizes=\"(max-width: 780px) 100vw, 780px\" \/><\/figure>\n\n\n\n<p><strong>Organizarnos para luchar es tambi\u00e9n construir nuestro partido<\/strong><\/p>\n\n\n\n<p>Si no queremos seguir retrocediendo en el salario y las condiciones de trabajo, perdiendo conquistas que costaron 100 a\u00f1os conseguir, <strong>tenemos que organizarnos y luchar<\/strong>.<\/p>\n\n\n\n<p>La relaci\u00f3n de fuerzas no se define en las urnas, sino en la lucha de clases.<\/p>\n\n\n\n<p>Las elecciones no ser\u00e1n nunca un medio adecuado para cambiar de ra\u00edz la situaci\u00f3n a favor de los trabajadores. La clase dominante que maneja el aparato estatal se asegura que as\u00ed sea mediante el enga\u00f1o o la represi\u00f3n.<\/p>\n\n\n\n<p>En situaciones en las que la econom\u00eda crece mucho -por ejemplo, del 2003 al 2008- pudieron mantener ciertas concesiones porque igual los capitalistas \u201cla levantan con pala\u201d. Pero desde el 2008 el capitalismo ha entrado en una crisis general, que lleva a las grandes potencias a enfrentarse en una guerra mundial para dirimir quien va a ser el amo dominante. El capitalismo no est\u00e1 en su juventud progresista, sino en una decadencia que ya en algunos pa\u00edses -por las guerras y las hambrunas- se ha transformado en barbarie. El capitalismo en su fase imperialista es reaccionario en toda la linea. &nbsp;Por eso <strong>el capitalismo no se puede reformar<\/strong> en el Congreso. Solo queda derrocarlo mediante una <strong>revoluci\u00f3n obrera y socialista<\/strong>. El Fitu, la izquierda parlamentarista y otros grupos que aspiran a serlo, no explican esta verdad, solo llaman a votar para tener m\u00e1s diputados, y por eso son una correa de transmisi\u00f3n del mismo sistema que dicen combatir.<\/p>\n\n\n\n<p>Tenemos que luchar, pero <strong>no solo para defendernos<\/strong> del ataque de las patronales y el gobierno. Sino que tenemos que organizarnos pol\u00edticamente. <strong>Construir un partido revolucionario<\/strong> para luchar por un <strong>gobierno de trabajadores<\/strong> y barrer a toda esta lacra que sostiene el poder a favor de la clase dominante.<\/p>\n\n\n\n<p><strong>30\/10\/25<\/strong><\/p>\n\n\n\n<p><\/p>\n\n\n\n<p><\/p>\n","protected":false},"excerpt":{"rendered":"<p>\u201cContala como quieras\u201d, podr\u00eda ser la frase que describa mejor la pugna de cada sector pol\u00edtico por imponer el \u201crelato\u201d que m\u00e1s le conviene respecto del resultado electoral. La realidad indica que el gobierno de Milei (LLA) gan\u00f3 a nivel&#8230;<\/p>\n","protected":false},"author":3,"featured_media":2257,"comment_status":"open","ping_status":"open","sticky":true,"template":"","format":"standard","meta":{"footnotes":""},"categories":[10],"tags":[],"_links":{"self":[{"href":"https:\/\/causa-obrera.org\/index.php\/wp-json\/wp\/v2\/posts\/2256"}],"collection":[{"href":"https:\/\/causa-obrera.org\/index.php\/wp-json\/wp\/v2\/posts"}],"about":[{"href":"https:\/\/causa-obrera.org\/index.php\/wp-json\/wp\/v2\/types\/post"}],"author":[{"embeddable":true,"href":"https:\/\/causa-obrera.org\/index.php\/wp-json\/wp\/v2\/users\/3"}],"replies":[{"embeddable":true,"href":"https:\/\/causa-obrera.org\/index.php\/wp-json\/wp\/v2\/comments?post=2256"}],"version-history":[{"count":3,"href":"https:\/\/causa-obrera.org\/index.php\/wp-json\/wp\/v2\/posts\/2256\/revisions"}],"predecessor-version":[{"id":2262,"href":"https:\/\/causa-obrera.org\/index.php\/wp-json\/wp\/v2\/posts\/2256\/revisions\/2262"}],"wp:featuredmedia":[{"embeddable":true,"href":"https:\/\/causa-obrera.org\/index.php\/wp-json\/wp\/v2\/media\/2257"}],"wp:attachment":[{"href":"https:\/\/causa-obrera.org\/index.php\/wp-json\/wp\/v2\/media?parent=2256"}],"wp:term":[{"taxonomy":"category","embeddable":true,"href":"https:\/\/causa-obrera.org\/index.php\/wp-json\/wp\/v2\/categories?post=2256"},{"taxonomy":"post_tag","embeddable":true,"href":"https:\/\/causa-obrera.org\/index.php\/wp-json\/wp\/v2\/tags?post=2256"}],"curies":[{"name":"wp","href":"https:\/\/api.w.org\/{rel}","templated":true}]}}