{"id":2213,"date":"2025-08-08T12:49:12","date_gmt":"2025-08-08T12:49:12","guid":{"rendered":"https:\/\/causa-obrera.org\/?p=2213"},"modified":"2025-08-15T14:42:52","modified_gmt":"2025-08-15T14:42:52","slug":"que-se-vayan-todos-y-que-gobernemos-los-trabajadores","status":"publish","type":"post","link":"https:\/\/causa-obrera.org\/index.php\/2025\/08\/08\/que-se-vayan-todos-y-que-gobernemos-los-trabajadores\/","title":{"rendered":"\u00a1Que se vayan todos y que gobernemos los trabajadores!"},"content":{"rendered":"\n<p>El 26 de octubre se realizar\u00e1n las elecciones de los legisladores nacionales (diputados y senadores) que renovar\u00e1n una parte de las c\u00e1maras del Congreso.<\/p>\n\n\n\n<p>Previamente, el 7 de septiembre son las elecciones en la provincia de Buenos Aires para la legislatura provincial y concejales, como pr\u00f3logo para las elecciones nacionales.<\/p>\n\n\n\n<p>El gobierno de Milei est\u00e1 tratando de llegar a las elecciones con la inflaci\u00f3n controlada esperando tener un buen resultado electoral. Pero solo patea los problemas para adelante. Si ahora que est\u00e1n preocupados por los votos no pudieron evitar la suba del d\u00f3lar y un salto en los precios, que podemos esperar para fin de a\u00f1o y 2026.<\/p>\n\n\n\n<p>Luego de las elecciones, en el Congreso, con los diputados y senadores propios m\u00e1s los que rosquean para los gobernadores y los \u201copositores\u201d que se compran y se venden, el gobierno pretende hacer pasar una reforma laboral y jubilatoria en beneficio de los empresarios para que trabajemos como esclavos hasta morir de viejos. \u00bfY ahora que quieren? que vayamos calladitos a votar para que los pol\u00edticos que sostienen el sistema capitalista se sigan repartiendo la torta entre ellos y los patrones que nos explotan.<\/p>\n\n\n\n<p><strong>Quieren que elijamos entre la sart\u00e9n y el fuego<\/strong><\/p>\n\n\n\n<p>El oficialismo presenta listas en las cuales el PRO se ha disuelto e integrado con LLA. Representan y defienden a rajatabla la pol\u00edtica del gobierno de Milei. Para el que lo quiera ver, est\u00e1 claro que Milei no s\u00f3lo no ajust\u00f3 a \u201cla casta\u201d, sino que la integr\u00f3 plenamente en el armado de la lista.<\/p>\n\n\n\n<p>El ajuste fue para los jubilados, los trabajadores, la salud, la educaci\u00f3n. Milei ahorra gasto p\u00fablico abandonando el mantenimiento de las rutas, recortando el presupuesto universitario, recortando recursos en el Garrahan, en partidas para la atenci\u00f3n de los discapacitados, a los enfermos de c\u00e1ncer. Mientras que a los ricos les rebaja los impuestos y a la burgues\u00eda agropecuaria le baja las retenciones, aumentando sus ganancias, a los trabajadores nos baja los salarios haci\u00e9ndonos m\u00e1s pobres.<\/p>\n\n\n\n<p>Su politica de apertura de importaciones y d\u00f3lar bajo esta liquidando la industria y con ello dejando decenas de miles de trabajadores en la calle.<\/p>\n\n\n\n<p>Todo este ajuste es en beneficio de los grandes grupos empresarios y los grupos financieros que ganan con la especulaci\u00f3n y el pago de la deuda.<\/p>\n\n\n\n<p>Milei se arrastra a los pies del imperialismo yanki y se abraza con los sionistas genocidas. Hace abiertamente lo mismo que ven\u00eda haciendo m\u00e1s disimuladamente el gobierno kirchnerista de Alberto Fern\u00e1ndez\/CFK.<\/p>\n\n\n\n<figure class=\"wp-block-image size-full is-resized\"><img loading=\"lazy\" decoding=\"async\" width=\"289\" height=\"193\" src=\"https:\/\/causa-obrera.org\/wp-content\/uploads\/2025\/08\/image.png\" alt=\"\" class=\"wp-image-2214\" style=\"width:286px;height:auto\"\/><\/figure>\n\n\n\n<figure class=\"wp-block-image size-full\"><img loading=\"lazy\" decoding=\"async\" width=\"428\" height=\"285\" src=\"https:\/\/causa-obrera.org\/wp-content\/uploads\/2025\/08\/milei-bibi-1.jpg\" alt=\"\" class=\"wp-image-2216\" srcset=\"https:\/\/causa-obrera.org\/wp-content\/uploads\/2025\/08\/milei-bibi-1.jpg 428w, https:\/\/causa-obrera.org\/wp-content\/uploads\/2025\/08\/milei-bibi-1-300x200.jpg 300w\" sizes=\"(max-width: 428px) 100vw, 428px\" \/><\/figure>\n\n\n\n<figure class=\"wp-block-image size-full\"><img loading=\"lazy\" decoding=\"async\" width=\"526\" height=\"295\" src=\"https:\/\/causa-obrera.org\/wp-content\/uploads\/2025\/08\/cfk-yankis.jpg\" alt=\"\" class=\"wp-image-2217\" srcset=\"https:\/\/causa-obrera.org\/wp-content\/uploads\/2025\/08\/cfk-yankis.jpg 526w, https:\/\/causa-obrera.org\/wp-content\/uploads\/2025\/08\/cfk-yankis-300x168.jpg 300w\" sizes=\"(max-width: 526px) 100vw, 526px\" \/><\/figure>\n\n\n\n<p>Por otra parte, se presenta el peronismo-kirchnerista, los mismos que gobernaron hasta el 2023. Massa es el operador de Greylock, uno de los grupos financieros con intereses en la deuda argentina y en las inversiones financieras en general (que seguramente hizo su carry trade). Kicillof es el gobierno actual de la provincia. Por supuesto, le echa la culpa de todos los problemas a la politica del gobierno nacional, as\u00ed como Milei le echa la culpa a los gobiernos anteriores de CFK-Kicillof. Lo concreto es que como gobernador de la provincia deja correr los despidos, los salarios bajan igual que en cualquier otro lado, la pobreza es la misma\u2026<\/p>\n\n\n\n<p>La CGT y ambas CTA, con bur\u00f3cratas sindicales que responden a Massa o a Kicillof o a CFK, dejaron pasar el ajuste y solo est\u00e1n preocupados por sus cajas y prebendas, o por sostenerle los negocios a las patronales de las que dependen.<\/p>\n\n\n\n<p>CFK sigue teniendo la lapicera del PJ. La misma que en su momento us\u00f3 para poner a Scioli de candidato a presidente en 2015 y a Alberto Fern\u00e1ndez en 2019. Ambos menemistas y liberales. Es decir, no fue un error haberlo puesto a Alberto, porque ya antes lo hab\u00eda designado a Scioli que ahora es parte del gobierno de Milei. Cuando gobernaban Santa Cruz, N\u00e9stor y CFK convivieron sin problemas con Menem, apoyaron la privatizaci\u00f3n de YPF y dijeron que fue el mejor presidente despu\u00e9s de Per\u00f3n.<\/p>\n\n\n\n<p><strong>No votar, organizarse y luchar<\/strong><\/p>\n\n\n\n<p>Milei y CFK son dos caras de la misma moneda capitalista, que cae de un lado o del otro seg\u00fan las necesidades de la burgues\u00eda y el imperialismo.<\/p>\n\n\n\n<p>Son dos camarillas que gobiernan para grupos capitalistas e imperialistas, y para sus negocios privados y el de los grupos de sus empresarios amigos.<\/p>\n\n\n\n<p>Los trabajadores sufr\u00edamos la inflaci\u00f3n con CFK-Massa y ahora vamos a sufrir la desocupaci\u00f3n con Milei. Mientras tanto la plata que es fruto del esfuerzo de los trabajadores engorda los bolsillos de las patronales y los bancos o sale a carradas del pais para especular o invertirse afuera.<\/p>\n\n\n\n<p>Tanto Milei como los K, ambos defienden el capitalismo. Y los K, si bien votan en contra en el parlamento para \u201cposar\u201d de opositores, han dejado correr todas las leyes importantes que les dieron gobernabilidad a Milei. &nbsp;Como dijo M\u00e1ximo K, no hay que patalear contra el veto. Son las reglas del juego capitalista.<\/p>\n\n\n\n<p>El juego capitalista incluye las elecciones en donde los trabajadores votamos cada 2 y 4 a\u00f1os a aquellos que mantienen las condiciones de explotaci\u00f3n de los capitalistas sobre los trabajadores. Con las dictaduras militares o con \u201cdemocracia\u201d, a medida que pasan los gobiernos nos hundimos un poco m\u00e1s en la miseria. Las elecciones no van a resolver esta situaci\u00f3n porque el problema es que el capitalismo est\u00e1 en crisis y en decadencia y no tiene arreglo, no se puede reformar.<\/p>\n\n\n\n<p>En todas las elecciones que se hicieron este a\u00f1o en distintas provincias y en CABA lo predominante fue el ausentismo electoral.<\/p>\n\n\n\n<p>Mientras que \u201cla izquierda\u201d del FIT-u se siente c\u00f3moda en el Congreso y han demostrado que son el furg\u00f3n de cola del Kirchnerismo, nos llaman a seguir votando como si tener un diputado m\u00e1s sirviera para algo. Dicen que no ir a votar no sirve.<\/p>\n\n\n\n<p>Pero ya sea no ir a votar o votar en blanco o impugnar el voto son manifestaciones de un rechazo pasivo y una protesta silenciosa. Es un mensaje para el conjunto de los trabajadores, que dice \u201cno dejemos que nos sigan enga\u00f1ando\u201d. Prepara el terreno para encontrar una salida a nuestra situaci\u00f3n por el \u00fanico camino posible, que no es votando, sino mediante la lucha y la organizaci\u00f3n, hasta derrotar a Milei y a todo el r\u00e9gimen capitalista.<\/p>\n\n\n\n<p>El capitalismo no va m\u00e1s, Milei y el peronismo tampoco. <strong>La clase trabajadora necesita un nuevo programa<\/strong>: hay que conquistar el poder, establecer un gobierno de trabajadores, expropiar a la burgues\u00eda y al imperialismo, recuperar esas riquezas que son producidas con nuestro trabajo, planificar la econom\u00eda en funci\u00f3n de las necesidades del pueblo trabajador.&nbsp; Para luchar por este nuevo programa hace falta que nos organicemos en <strong>un partido de trabajadores, socialista y revolucionario<\/strong>. Ponete en contacto con <strong><em>La Causa Obrera<\/em><\/strong>, que lucha por construir ese partido.<\/p>\n\n\n\n<p><strong>7\/8\/25<\/strong><\/p>\n","protected":false},"excerpt":{"rendered":"<p>El 26 de octubre se realizar\u00e1n las elecciones de los legisladores nacionales (diputados y senadores) que renovar\u00e1n una parte de las c\u00e1maras del Congreso. Previamente, el 7 de septiembre son las elecciones en la provincia de Buenos Aires para la&#8230;<\/p>\n","protected":false},"author":3,"featured_media":0,"comment_status":"open","ping_status":"open","sticky":true,"template":"","format":"standard","meta":{"footnotes":""},"categories":[10],"tags":[],"_links":{"self":[{"href":"https:\/\/causa-obrera.org\/index.php\/wp-json\/wp\/v2\/posts\/2213"}],"collection":[{"href":"https:\/\/causa-obrera.org\/index.php\/wp-json\/wp\/v2\/posts"}],"about":[{"href":"https:\/\/causa-obrera.org\/index.php\/wp-json\/wp\/v2\/types\/post"}],"author":[{"embeddable":true,"href":"https:\/\/causa-obrera.org\/index.php\/wp-json\/wp\/v2\/users\/3"}],"replies":[{"embeddable":true,"href":"https:\/\/causa-obrera.org\/index.php\/wp-json\/wp\/v2\/comments?post=2213"}],"version-history":[{"count":3,"href":"https:\/\/causa-obrera.org\/index.php\/wp-json\/wp\/v2\/posts\/2213\/revisions"}],"predecessor-version":[{"id":2220,"href":"https:\/\/causa-obrera.org\/index.php\/wp-json\/wp\/v2\/posts\/2213\/revisions\/2220"}],"wp:attachment":[{"href":"https:\/\/causa-obrera.org\/index.php\/wp-json\/wp\/v2\/media?parent=2213"}],"wp:term":[{"taxonomy":"category","embeddable":true,"href":"https:\/\/causa-obrera.org\/index.php\/wp-json\/wp\/v2\/categories?post=2213"},{"taxonomy":"post_tag","embeddable":true,"href":"https:\/\/causa-obrera.org\/index.php\/wp-json\/wp\/v2\/tags?post=2213"}],"curies":[{"name":"wp","href":"https:\/\/api.w.org\/{rel}","templated":true}]}}