{"id":2142,"date":"2025-04-10T20:56:57","date_gmt":"2025-04-10T20:56:57","guid":{"rendered":"https:\/\/causa-obrera.org\/?p=2142"},"modified":"2025-04-24T16:06:39","modified_gmt":"2025-04-24T16:06:39","slug":"el-caracter-de-clase-de-la-democracia","status":"publish","type":"post","link":"https:\/\/causa-obrera.org\/index.php\/2025\/04\/10\/el-caracter-de-clase-de-la-democracia\/","title":{"rendered":"El car\u00e1cter de clase de la democracia"},"content":{"rendered":"\n<p>El 24 de marzo fuimos cientos de miles los que marchamos. M\u00e1s all\u00e1 de la identificaci\u00f3n o simpat\u00eda de cada persona hacia determinada corriente pol\u00edtica, las marchas se caracterizaron por el repudio generalizado hacia el gobierno de Milei, su negacionismo de los 30 mil desaparecidos, la teor\u00eda de los dos demonios, su reivindicaci\u00f3n de los genocidas, su car\u00e1cter netamente represivo contra jubilados o cualquier trabajador, y otras provocaciones como eliminar un homenaje a Osvaldo Bayer o tapar los pa\u00f1uelos de las abuelas en la plaza de mayo, por mencionar algunas.<\/p>\n\n\n\n<p>Fue una fuerza unificada en oposici\u00f3n al gobierno, necesaria para demostrar que hay resistencia. Sin embargo, tambi\u00e9n es importante desenmascarar a aquellos que usan y abusan de la palabra democracia pero que en realidad esconden tras ella su propio oportunismo pol\u00edtico.<\/p>\n\n\n\n<p><strong>Las fuerzas represivas tambi\u00e9n son instituciones de la democracia burguesa:<\/strong><\/p>\n\n\n\n<p>La democracia no es un ideal imponderable sino un r\u00e9gimen pol\u00edtico, y como tal, tiene su historia y sus instituciones. Para remontarnos s\u00f3lo hasta su \u00faltimo retorno, la democracia no se instaur\u00f3 en una lucha a muerte con los dictadores, sino en un pacto, obediencia debida y punto final, con el indulto a los genocidas. Cuando asume N\u00e9stor Kirchner se procesa a un porcentaje \u00ednfimo de los militares implicados en cr\u00edmenes de lesa humanidad durante la dictadura, suficiente para que anuncie con bombos y platillos que hay \u201cnuevas\u201d fuerzas armadas, con el fin de reconciliar a la poblaci\u00f3n con los militares, la foto de Hebe de Bonafini con el genocida Milani como nuevo jefe del Ej\u00e9rcito es el s\u00edmbolo nefasto de esa pol\u00edtica.<\/p>\n\n\n\n<p>Este reciclamiento de las fuerzas armadas es lo m\u00e1s importante, el capitalismo es una sociedad de explotaci\u00f3n, para mantener dominados a los explotados puede haber o no parlamento, pero lo que no puede faltar es fuerzas armadas, que el marxismo con mucha precisi\u00f3n llama fuerzas represivas del Estado porque solo para reprimir es cuando despliegan todo su poder\u00edo. Que nadie se olvide que toda democracia capitalista tiene su brazo represivo, y en Argentina ese brazo que Milei est\u00e1 usando fue revitalizado, financiado y entrenado (y utilizado) por los gobiernos kirchneristas. De hecho, fueron quienes incorporaron a gendarmer\u00eda como baluarte de las funciones represivas.<\/p>\n\n\n\n<p>En otras palabras, los propios gobiernos democr\u00e1ticos levantan y sostienen a las instituciones que pueden dar un golpe de Estado e instaurar una dictadura \u00bfC\u00f3mo puede ser? \u00bfNo es una contradicci\u00f3n fatal? Lo es, si pensamos en democracia y en dictadura en sentido abstracto,&nbsp; pero como reg\u00edmenes del capitalismo su funci\u00f3n es por sobre todas las cosas proteger la propiedad privada de los grandes medios de producci\u00f3n, las empresas grandes, los latifundios, las mineras y petroleras transnacionales, etc, y eso implica reprimir al pueblo trabajador.<\/p>\n\n\n\n<p><strong>Otras instituciones de la democracia burguesa<\/strong><\/p>\n\n\n\n<p>Entonces, las fuerzas represivas son la principal instituci\u00f3n del capitalismo, tambi\u00e9n en democracia. Pero se combina con otras, que los dem\u00f3cratas burgueses, kirchneristas, otras variantes peronistas, radicales, etc, nos venden como la panacea de la democracia, por ej el voto y el parlamento.<\/p>\n\n\n\n<p>Con el voto nos clavan por 4 a\u00f1os despu\u00e9s de que las promesas electorales resultan ser puras mentiras, ni modo, \u201chay que esperar\u201d a nuevas elecciones, es decir a la renovaci\u00f3n de la farsa electoral. Eso nos dice por ejemplo el kirchnerismo, porque como son muy democr\u00e1ticos, respetan el voto. En el mientras tanto que nos repriman y nos maten de hambre. En realidad nos obligan a elegir entre representantes de la burgues\u00eda porque las campa\u00f1as requieren millones de d\u00f3lares, y en el ballotage entre dos opciones que todos reconocen como dos males, pero conservando la sensatez democr\u00e1tica nos llaman a elegir el menor de ellos. As\u00ed es como decenas de millones de trabajadores fuimos obligados a elegir entre Scioli y Macri, entre Macri y Fernandez, y entre Massa y Milei todos burgueses o representantes de confianza de la gran burgues\u00eda. Ese es el voto \u201cdemocr\u00e1tico\u201d.<\/p>\n\n\n\n<p>El parlamento se mostr\u00f3 muy agitado con la ley bases, pero solo porque hab\u00edan intereses que chocaban entre facciones de la burgues\u00eda, una vez resueltos, se aprob\u00f3. Un partido con una notable minor\u00eda de parlamentarios logr\u00f3 justo los votos para aprobar la ley m\u00e1s anti obrera en d\u00e9cadas. El Parlamento desvelo su esencia, la mancomunion de los partidos burgueses contra los trabajadores. La casta salvo a Milei.<\/p>\n\n\n\n<p>En tiempos de crisis capitalista no hay lugar para reformas y leyes a favor de los trabajadores, que nadie nos enga\u00f1e con que el parlamento pueda resolver la situaci\u00f3n. Cuando la crisis se agrava esta \u201chonorable\u201d Instituci\u00f3n, generosamente se vuelve un actor de reparto, otorg\u00e1ndole facultades extraordinarias al ejecutivo, dejando correr los DNU que garantizan gobernabilidad, es decir, una aplicaci\u00f3n inmediata del ajuste y motosierra (DNU 70\/2023), y cuando los trata esos decretos tienen m\u00e1s entidad que el propio Parlamento (se necesitan las dos c\u00e1maras para rechazarlos y una sola para aprobarlos, ej acuerdo con el FMI), y si acaso sancionara algo inconveniente para el gobierno est\u00e1 el veto presidencial para reducir toda la charlataner\u00eda de esta Instituci\u00f3n a la m\u00e1s completa impotencia.<\/p>\n\n\n\n<p><strong>Los \u201cdemocr\u00e1ticos\u201d kirchneristas son c\u00f3mplices del \u201cfascista\u201d Milei<\/strong><\/p>\n\n\n\n<p>El kirchnerismo llamaba a votar a Massa contra Milei, como no pudo decir nada bueno de Massa atemorizaba a los votantes con que Milei es fascista. Luego crea el eslogan \u201cMilei basura vos sos la dictadura\u201d. Pero apenas asumi\u00f3, tanto Cristina como Grabois, llamaron a darle gobernabilidad a Milei, en ninguna de las leyes que aprob\u00f3 o recortes brutales, despidos, movilizaron a sus bases y organizaciones, nunca. \u00bfC\u00f3mo es que a un fascista se le da gobernabilidad? Y despu\u00e9s cuando aplica la motosierra en salud, educaci\u00f3n, a los jubilados, dicen \u201csab\u00edamos que iba a hacer esto\u201d. Si sab\u00edan y le dejaron aplicar su plan de gobierno entonces son c\u00f3mplices, lisa y llanamente.<\/p>\n\n\n\n<p>Lo cierto es que la basura de Milei es la democracia, es decir, la democracia tal como es actualmente en Argentina, amparado en el voto que lo llevo al poder y en el parlamento que le permite aplicar su plan de gobierno. En la complicidad de las burocracias obreras (mayoritariamente kirchneristas) que mantienen atenazados a los trabajadores, y que convocan a una huelga de 24hs cada tanto para descomprimir el descontento. Y adem\u00e1s, en instituciones tan poco democr\u00e1ticas como las fuerzas represivas, y pr\u00e1cticas como los DNU y el veto presidencial.<\/p>\n\n\n\n<p>Recordemos que cuando Milei vet\u00f3 el m\u00edsero aumento que el parlamento le hab\u00eda dado a los jubilados M\u00e1ximo Kirchner inst\u00f3 a \u201cdejar de chillar contra el veto porque es una facultad democr\u00e1tica del presidente\u201d. As\u00ed es como M\u00e1ximo protege a la democracia, a favor de un presidente que considera fascista y en contra de los jubilados.<\/p>\n\n\n\n<p><strong>\u00bfQu\u00e9 defendemos de la democracia?<\/strong><\/p>\n\n\n\n<p>Como se ve el contenido de la democracia puede ser muy amplio, nosotros no defendemos las instituciones democr\u00e1ticas de la burgues\u00eda, no nos inclinamos ante el voto ni el parlamento, si tienen vigencia es porque sirven para someternos, cuando ya no sirven a sus intereses la burgues\u00eda los tira a la basura sin ning\u00fan prejuicio, lo ha hecho siempre y lo va a seguir haciendo, el rol de los dem\u00f3cratas burgueses es tratar de convencer a la burgues\u00eda de que ellos son capaces de imponer el brutal ajuste por medios democr\u00e1ticos, sin necesidad de una dictadura. As\u00ed es como defienden la democracia. Es vital comprender que los prejuicios democr\u00e1ticos son solo propaganda para infectar la conciencia de los trabajadores. Cierto que debemos utilizar esas instituciones, pero para desvelar su car\u00e1cter, no para contribuir al enga\u00f1o.<\/p>\n\n\n\n<p>\u00bfPero entonces que defendemos de la democracia? Los derechos formales de los trabajadores, libertad de reuni\u00f3n, de prensa, de organizaci\u00f3n, de protesta y de huelga. Y los \u00f3rganos que hemos construido para realizar esos derechos con mayor amplitud, sindicatos, clubes, comedores, imprentas, p\u00e1ginas de internet y prensa en general. En una palabra lo que defendemos son todos aquellos espacios y herramientas que hemos creado para tomar por nuestra cuenta lo que el estado burgu\u00e9s nos regatea o nos niega. Esos espacios son g\u00e9rmenes de poder del futuro Estado obrero. Cierto que el Estado burgu\u00e9s los copta y nos impone sus bur\u00f3cratas, barrer esa escoria tambi\u00e9n es parte de la tarea. Los pol\u00edticos burgueses en cambio acusan a sus propios socios bur\u00f3cratas para condenar con ello a nuestras organizaciones. No debemos caer en esa trampa.<\/p>\n\n\n\n<p><strong>\u00bfCu\u00e1l es la din\u00e1mica real del tr\u00e1nsito de la dictadura a la democracia o viceversa?<\/strong><\/p>\n\n\n\n<p>Es com\u00fan el pensamiento del evolucionismo vulgar, que cree que superada una dictadura nuestras sociedades se volver\u00edan progresivamente m\u00e1s democr\u00e1ticas, mas civilizadas. De ah\u00ed esas frases como \u201cen pleno siglo XXI no puede pasar esto\u201d o creer que basta con la memoria y con decir en voz alta \u201cnunca m\u00e1s\u201d \u00f3 \u201chay que saber a qui\u00e9n votar\u201d. En realidad sucede que cuando golpea la crisis, que en este caso es mundial y es un hecho inevitable del capitalismo, los gobiernos \u2013sean cuales sean- la descargan sobre los trabajadores, y resulta que \u00e9stos no son muy propensos a aceptar esta pol\u00edtica de buena gana y cuando protestan hay palo (y balas). Se trata de la lucha de clases, y sus resultados depender\u00e1n de sus fuerzas relativas y sobre todo de su organizaci\u00f3n.<\/p>\n\n\n\n<p>Mientras dura la ilusi\u00f3n en el voto, en el parlamento, la manipulaci\u00f3n de los medios, mezclado con la burocracia sindical que ahoga las protestas y la represi\u00f3n que las acalla, es un combo suficiente para mantener el orden burgu\u00e9s en cauces \u201cdemocr\u00e1ticos\u201d.<\/p>\n\n\n\n<p>Pero cuando la burocracia es desbordada por las masas, cuando la clase trabajadora est\u00e1 cada vez m\u00e1s dispuesta a manifestarse y enfrentar la represi\u00f3n, cuando se hace consciente del enga\u00f1o del voto y crea organismos de poder propios, la sociedad democr\u00e1tica entra en crisis, la lucha de clases se agudiza, y el capital ya no puede tolerar siquiera la libertad de reuni\u00f3n, de organizaci\u00f3n y de protesta.<\/p>\n\n\n\n<p>En esos momentos cruciales de la historia, los trabajadores no est\u00e1n ante la alternativa de defender a la democracia o caer en una dictadura, porque en ese contexto toda ilusi\u00f3n en cad\u00e1veres democr\u00e1ticos como el parlamento o la Asamblea Constituyente, es tiempo precioso que gana la burgues\u00eda para poder aplastarnos. Llegado a ese punto, debemos hacer la revoluci\u00f3n para instaurar un r\u00e9gimen propio, un r\u00e9gimen obrero que expropie al gran capital.<\/p>\n\n\n\n<p><strong>La dictadura del proletariado<\/strong><\/p>\n\n\n\n<p>La prensa de la izquierda agrupada en el FITu as\u00ed como ha dejado de hablar de expropiaciones ha abandonado conceptualmente la dictadura del proletariado. Se trata de una democracia ampliada para la inmensa mayor\u00eda, pero que, fundamentalmente, no se hace en virtud de la libertad y la democracia sino para someter a los explotadores que intentan retomar el poder por cualquier medio, donde los medios democr\u00e1ticos ocupan el \u00faltimo de los lugares.<\/p>\n\n\n\n<p>Pero no es casual que los mismos que renuncian a este concepto como objetivo estrat\u00e9gico, sean los que contribuyen a sostener la ilusi\u00f3n de las masas hacia el voto y el parlamento, es decir hacia las principales instituciones democr\u00e1ticas de la burgues\u00eda. No es casual, porque la dictadura del proletariado significa que las clases trabajadoras no podremos tener un gobierno propio e imponer condiciones si no es a trav\u00e9s de una revoluci\u00f3n que expropie a la gran burgues\u00eda y acabe con el aparato pol\u00edtico burgu\u00e9s, incluido el voto, el parlamento y la Asamblea Constituyente, y los reemplace por \u00f3rganos de poder obreros democr\u00e1ticos, donde nuestra participaci\u00f3n pol\u00edtica no ser\u00e1 elegir una vez cada cuatro a\u00f1os entre representantes del capital, sino todos los d\u00edas, evaluando a los representantes que pueden ser revocados en cada momento, obligados a rendir cuentas ante nosotros cara a cara. Es una democracia obrera, directa, de mucho mayor calibre que la actual que nos venden como un principio sagrado todos los comerciantes de la palabra, todo el arco burgu\u00e9s y tambi\u00e9n, desde el flanco izquierdo del r\u00e9gimen, los partidos del FITu.<\/p>\n\n\n\n<p><strong>Joaco, 9\/4\/25<\/strong><\/p>\n","protected":false},"excerpt":{"rendered":"<p>El 24 de marzo fuimos cientos de miles los que marchamos. M\u00e1s all\u00e1 de la identificaci\u00f3n o simpat\u00eda de cada persona hacia determinada corriente pol\u00edtica, las marchas se caracterizaron por el repudio generalizado hacia el gobierno de Milei, su negacionismo&#8230;<\/p>\n","protected":false},"author":3,"featured_media":2167,"comment_status":"open","ping_status":"open","sticky":true,"template":"","format":"standard","meta":{"footnotes":""},"categories":[13,14],"tags":[],"_links":{"self":[{"href":"https:\/\/causa-obrera.org\/index.php\/wp-json\/wp\/v2\/posts\/2142"}],"collection":[{"href":"https:\/\/causa-obrera.org\/index.php\/wp-json\/wp\/v2\/posts"}],"about":[{"href":"https:\/\/causa-obrera.org\/index.php\/wp-json\/wp\/v2\/types\/post"}],"author":[{"embeddable":true,"href":"https:\/\/causa-obrera.org\/index.php\/wp-json\/wp\/v2\/users\/3"}],"replies":[{"embeddable":true,"href":"https:\/\/causa-obrera.org\/index.php\/wp-json\/wp\/v2\/comments?post=2142"}],"version-history":[{"count":2,"href":"https:\/\/causa-obrera.org\/index.php\/wp-json\/wp\/v2\/posts\/2142\/revisions"}],"predecessor-version":[{"id":2165,"href":"https:\/\/causa-obrera.org\/index.php\/wp-json\/wp\/v2\/posts\/2142\/revisions\/2165"}],"wp:featuredmedia":[{"embeddable":true,"href":"https:\/\/causa-obrera.org\/index.php\/wp-json\/wp\/v2\/media\/2167"}],"wp:attachment":[{"href":"https:\/\/causa-obrera.org\/index.php\/wp-json\/wp\/v2\/media?parent=2142"}],"wp:term":[{"taxonomy":"category","embeddable":true,"href":"https:\/\/causa-obrera.org\/index.php\/wp-json\/wp\/v2\/categories?post=2142"},{"taxonomy":"post_tag","embeddable":true,"href":"https:\/\/causa-obrera.org\/index.php\/wp-json\/wp\/v2\/tags?post=2142"}],"curies":[{"name":"wp","href":"https:\/\/api.w.org\/{rel}","templated":true}]}}