{"id":2019,"date":"2024-09-07T12:13:39","date_gmt":"2024-09-07T12:13:39","guid":{"rendered":"https:\/\/causa-obrera.org\/?p=2019"},"modified":"2024-09-07T12:13:39","modified_gmt":"2024-09-07T12:13:39","slug":"va-llegando-la-hora-de-la-verdad","status":"publish","type":"post","link":"https:\/\/causa-obrera.org\/index.php\/2024\/09\/07\/va-llegando-la-hora-de-la-verdad\/","title":{"rendered":"Va llegando la hora de la verdad"},"content":{"rendered":"\n<p>Finalmente, despu\u00e9s de reunirse con diputados y senadores propios (LLA) y aliados (PRO), <strong>Milei confirm\u00f3 el veto<\/strong> <strong>a la ley aprobada en el Congreso, que modificaba el r\u00e9gimen de movilidad jubilatorio<\/strong>. No era gran cosa. Hablando en plata, ser\u00edan entre 14 y 20 mil pesos m\u00e1s que iban a recibir los jubilados. Hasta ah\u00ed le dio a la oposici\u00f3n (kirchneristas y radicales) para hacer un poco de demagogia electoralista.&nbsp; Pero, <strong>aunque era una migaja, Milei procedi\u00f3 a vetarla argumentando que esa plata era un \u201cgasto exorbitante\u201d que afecta el equilibrio fiscal<\/strong>, por lo que obligar\u00eda al gobierno a emitir o aumentar impuestos.<\/p>\n\n\n\n<p><strong>El gobierno deja en evidencia su car\u00e1cter de clase cuando ha rebajado el impuesto a los bienes personales que pagan los ricos<\/strong> y a partir de este mes se recort\u00f3 tambi\u00e9n un 10% el \u201cimpuesto pa\u00eds\u201d, <strong>favoreciendo las ganancias de los importadores<\/strong>, mientras <strong>reduce a l\u00edmites insostenibles la jubilaci\u00f3n m\u00ednima<\/strong>, que (con un bono que en cualquier momento puede dejar de pagar) <strong>no llega a $300 mil<\/strong>.<\/p>\n\n\n\n<p>Como se ve, <strong>no es que<\/strong> el gobierno <strong>no pueda<\/strong> permitir ese aumento miserable a los jubilados, <strong>sino que no quiere<\/strong>, ya que los jubilados a quienes siempre se refiere con desprecio (los ha llamado \u201cviejos meados\u201d) no tienen, por obvias razones biol\u00f3gicas, suficiente capacidad de movilizaci\u00f3n. Aun as\u00ed, en la reciente protesta contra el veto presidencial, <strong>la guardia de infanter\u00eda cobardemente los reprimi\u00f3 sin miramientos<\/strong>.&nbsp;<\/p>\n\n\n\n<p>Tambi\u00e9n queda claro a que sectores capitalistas el gobierno de Milei quiere favorecer, al haber jugado todas sus cartas a favor de la sanci\u00f3n en el Congreso (dentro de la Ley \u201cBases\u201d) el r\u00e9gimen de incentivo para las grandes inversiones (RIGI). <strong>Este r\u00e9gimen especial<\/strong> por el cual se reducen los impuestos y le otorgan otras facilidades especiales, <strong>est\u00e1 dirigido a los grandes grupos capitalistas internacionales<\/strong> dedicados a la explotaci\u00f3n minera y petrolera.<\/p>\n\n\n\n<p><strong>Las reformas (reaccionarias) estructurales -jubilatoria y laboral<\/strong>&#8211; que est\u00e1n ya siendo tratadas en la respectiva comisi\u00f3n del Congreso (que se suman a las ya aprobadas en la Ley \u201cBases\u201d) <strong>contemplan un aumento de la edad jubilatoria hasta los 75 a\u00f1os y la extensi\u00f3n de la jornada laboral hasta 12 hs<\/strong>. Es por eso que, en la reuni\u00f3n del d\u00eda de la industria, <strong>la gran patronal aplaudi\u00f3 a Milei.<\/strong> En su discurso el \u201clibertario\u201d reconoci\u00f3 que <strong>\u201cvinimos a achicar el Estado para agrandarle el bolsillo a Uds\u201d,<\/strong> siempre y cuando sean competitivos y no necesiten los subsidios del Estado para producir.<\/p>\n\n\n\n<p>Mientras tanto, las Pymes -cuya producci\u00f3n ha ca\u00eddo casi 20% en lo que va del a\u00f1o- est\u00e1n cerrando o despiden o suspenden, y algunas empresas extranjeras se retiran del pa\u00eds dejando el tendal de trabajadores en la calle.<\/p>\n\n\n\n<figure class=\"wp-block-image size-full\"><img loading=\"lazy\" decoding=\"async\" width=\"1024\" height=\"692\" src=\"https:\/\/causa-obrera.org\/wp-content\/uploads\/2024\/09\/image-2.png\" alt=\"\" class=\"wp-image-2022\" srcset=\"https:\/\/causa-obrera.org\/wp-content\/uploads\/2024\/09\/image-2.png 1024w, https:\/\/causa-obrera.org\/wp-content\/uploads\/2024\/09\/image-2-300x203.png 300w, https:\/\/causa-obrera.org\/wp-content\/uploads\/2024\/09\/image-2-768x519.png 768w\" sizes=\"(max-width: 1024px) 100vw, 1024px\" \/><\/figure>\n\n\n\n<p><strong>Es decir, <\/strong><strong>los \u201cajustados\u201d somos los trabajadores, los jubilados, el pueblo pobre en general. <\/strong>Por ese ajuste tambi\u00e9n se est\u00e1n viendo afectadas las empresas que producen para el mercado interno, que se hundi\u00f3 en el pozo de la pobreza de los trabajadores y de amplios sectores de clase media que achican gastos.<\/p>\n\n\n\n<p><strong>Que lo de la casta era un verso, tambi\u00e9n es cada vez m\u00e1s evidente.<\/strong> Milei, Karina, los Caputo, Villarruel, Francos, etc., <strong>son una nueva casta<\/strong> que negocia y acuerda con la vieja casta del PRO, de los radicales, del peronismo. Ahora rosquean abiertamente la designaci\u00f3n de Lijo y Ramos Padilla como jueces de la Corte Suprema, para garantizarse que, por las disputas inter-burguesas, las leyes que quiere el gobierno no sean bloqueadas en la m\u00e1xima instancia judicial. Una Corte mayoritariamente adicta tambi\u00e9n garantiza impunidad. Junto con el manejo de la SIDE, son elementos de fuerte presi\u00f3n que servir\u00e1n para conseguir alg\u00fan voto favorable en el Congreso, so pena de persecuci\u00f3n judicial o escarnio p\u00fablico en base a los \u201ccarpetazos\u201d provistos por los servicios de inteligencia.<\/p>\n\n\n\n<p>Las denuncias contra Alberto Fern\u00e1ndez y el enojo con los senadores cuando se aumentaron los sueldos a $9 millones, siendo repudiables ambos casos, sirven de fuegos de artificio para mantener la expectativa en el gobierno.<\/p>\n\n\n\n<p><strong>Sin embargo, la visita de varios diputados a los represores presos de la dictadura del 76, con los que se sacaron fotos, deton\u00f3 la interna de LLA y agrav\u00f3 las tensiones entre Milei y Villarruel, al dejar al descubierto las negociaciones para el pase a prisi\u00f3n domiciliaria e inclusive el indulto de los condenados por los cr\u00edmenes aberrantes contra la clase obrera y el pueblo. Al parecer, no fue solo Paolo Rocca (Techint) y Eurneki\u00e1n los que pusieron plata para Milei. Tambi\u00e9n los represores (con Alfredo Astiz a la cabeza) financiaron la campa\u00f1a de los \u201clibertarios\u201d e incidieron en la designaci\u00f3n de Villarruel como vicepresidente.<\/strong><\/p>\n\n\n\n<p><strong>Paralelamente, uno de los principales \u201ccaballitos de batalla\u201d del gobierno, el super\u00e1vit fiscal, a cada rato hace agua, <\/strong>sea porque hay que pagar algun vencimiento de deuda, o porque -con la depresi\u00f3n econ\u00f3mica- se cay\u00f3 la recaudaci\u00f3n. Mientras que, en el Banco Central, las reservas son cada vez m\u00e1s negativas. Ahora<strong> al bajar el \u201cimpuesto pa\u00eds\u201d <\/strong>seguramente van a aumentar las importaciones, con lo cual<strong> van a cerrar m\u00e1s Pymes (calculan alrededor de 12 mil para este a\u00f1o<\/strong>), y los importadores van a demandar m\u00e1s d\u00f3lares. Caputo anda mangueando d\u00f3lares prestados por todos lados y pone como garant\u00eda (a escondidas) buena parte de las reservas en oro, mientras ruega por un buen resultado del \u201cblanqueo\u201d. El gobierno rasca el fondo de la olla y le prende velas a la elecci\u00f3n de Donald Trump. Una serie de factores circunstanciales favorecieron una baja importante en el precio del d\u00f3lar \u201cblue\u201d y los d\u00f3lares financieros. Pero hay que ver si puede llegar con este valor del d\u00f3lar hasta el 2025 y con las reservas suficientes para afrontar los pagos de las deudas que se empiezan acumular el a\u00f1o pr\u00f3ximo.<strong> El gobierno juega a los dados en el borde de un abismo econ\u00f3mico y social.<\/strong><\/p>\n\n\n\n<figure class=\"wp-block-image size-large\"><img loading=\"lazy\" decoding=\"async\" width=\"1024\" height=\"577\" src=\"https:\/\/causa-obrera.org\/wp-content\/uploads\/2024\/09\/image-1024x577.png\" alt=\"\" class=\"wp-image-2020\" srcset=\"https:\/\/causa-obrera.org\/wp-content\/uploads\/2024\/09\/image-1024x577.png 1024w, https:\/\/causa-obrera.org\/wp-content\/uploads\/2024\/09\/image-300x169.png 300w, https:\/\/causa-obrera.org\/wp-content\/uploads\/2024\/09\/image-768x433.png 768w, https:\/\/causa-obrera.org\/wp-content\/uploads\/2024\/09\/image.png 1104w\" sizes=\"(max-width: 1024px) 100vw, 1024px\" \/><\/figure>\n\n\n\n<p><strong>El margen de tolerancia obrera y popular se va achicando, en la medida en que es cada vez m\u00e1s dificil vivir. La inflaci\u00f3n<\/strong> de <strong>agosto estar\u00eda alrededor del 4%. De estancarse en ese piso habr\u00eda que ver que efecto tiene sobre el sector de la poblaci\u00f3n que todav\u00eda tiene<\/strong> expectativa en el gobierno. L<strong>os salarios <\/strong>-que fueron \u201clicuados\u201d por la inflaci\u00f3n de Massa y de Milei- de los trabajadores privados <strong>siguen planchados, y el gobierno pretende ponerle un tope del 2% a los salarios estatales y bajar ese porcentaje hasta congelarlos en los \u00faltimos meses del a\u00f1o. <\/strong>Entre los trabajadores, <strong>empez\u00f3 a pesar m\u00e1s la preocupaci\u00f3n por perder el empleo<\/strong> que el \u00edndice de la inflaci\u00f3n, porque esta \u00faltima, siendo todav\u00eda alta- est\u00e1 a un nivel m\u00e1s tolerable, mientras que<strong> aumenta la cantidad de despidos y cierre de f\u00e1bricas.<\/strong><\/p>\n\n\n\n<p><strong>A medida que pasan los meses y no hay recuperaci\u00f3n a la vista, la inquietud en la clase trabajadora va en aumento. Pero la CGT, ha capitulado totalmente <\/strong>y solo negocia que no le toquen el sill\u00f3n y la caja. Inclusive la supuesta \u201cala dura\u201d de Moyano se fue al maso<strong>. Lo mismo las CTA <\/strong>que se dedican a darle aire al kirchnerismo y pretenden que aguantemos a este gobierno hasta el 2027<strong>. Tenemos que sacarnos de encima a la burocracia, c\u00f3mplice de las patronales y los gobiernos. <\/strong>No podemos seguir esperando nada de ellos ni seguir pidi\u00e9ndole paros como hace la izquierda. Est\u00e1 visto que la unidad de acci\u00f3n con algun sector de la burocracia por ahora es solo una excepci\u00f3n. La direcci\u00f3n de izquierda de Aten capital de Neuqu\u00e9n, por ejemplo, crea falsas expectativas en el ala Moyano de la burocracia sindical. La unidad de acci\u00f3n o el apoyo tiene que ser con medidas de lucha efectivas. Una foto con un cartelito solo sirve para lavarle la cara a un sector de la burocracia.<\/p>\n\n\n\n<figure class=\"wp-block-image size-large is-resized\"><img loading=\"lazy\" decoding=\"async\" width=\"1024\" height=\"577\" src=\"https:\/\/causa-obrera.org\/wp-content\/uploads\/2024\/09\/image-3-1024x577.png\" alt=\"\" class=\"wp-image-2023\" style=\"width:800px;height:auto\" srcset=\"https:\/\/causa-obrera.org\/wp-content\/uploads\/2024\/09\/image-3-1024x577.png 1024w, https:\/\/causa-obrera.org\/wp-content\/uploads\/2024\/09\/image-3-300x169.png 300w, https:\/\/causa-obrera.org\/wp-content\/uploads\/2024\/09\/image-3-768x432.png 768w, https:\/\/causa-obrera.org\/wp-content\/uploads\/2024\/09\/image-3-1536x865.png 1536w, https:\/\/causa-obrera.org\/wp-content\/uploads\/2024\/09\/image-3.png 1600w\" sizes=\"(max-width: 1024px) 100vw, 1024px\" \/><\/figure>\n\n\n\n<p><strong>Tenemos que organizarnos desde la base, en agrupaciones clasistas, <\/strong>es decir, que sirvan para preparar la lucha, y que sean independientes de las patronales, los gobiernos y de todas las alas de la burocracia sindical. En la medida que haya condiciones,<strong> impulsar asambleas para resolver las medidas de acci\u00f3n, <\/strong>que siempre que sea posible deben ser<strong> coordinadas con otros sectores en lucha.<\/strong><\/p>\n\n\n\n<p><strong>La experiencia que vamos haciendo con este gobierno, e hicimos con los anteriores nos tiene que llevar a reflexionar y a sacar conclusiones. No podemos volver a caer en partidos que demostraron en el gobierno que son tambi\u00e9n patronales y ajustadores de los trabajadores. Que solo son \u201cpopulares\u201d cuando la econom\u00eda anda bien y hay \u201cviento de cola\u201d en el \u00e1mbito internacional. Pero cuando el capitalismo vuelve a su situaci\u00f3n \u201cnormal\u201d de crisis y decadencia ajustan como el mejor -como en el gobierno pasado de AF-CFK y Massa- o son c\u00f3mplices del ajuste, lo dejan correr como hacen ahora el peronismo K y no K, y sus bur\u00f3cratas sindicales.<\/strong><\/p>\n\n\n\n<p>Eso ocurre porque<strong> lo que ahora le llaman \u201cla casta\u201d, <\/strong>no act\u00faan por su propia cuenta,<strong> son los representantes pol\u00edticos de la clase capitalista. Los capitalistas -una minor\u00eda de la sociedad- son la clase dominante, porque gracias a nuestro trabajo son due\u00f1os de los medios de producci\u00f3n. <\/strong>Cualquier obrero se da cuenta, hasta cuando hay un simple paro, que <strong>si el obrero no trabaja el patr\u00f3n no gana. <\/strong>Y como ha dicho abiertamente Milei, los despidos y la rebaja salarial en el Estado es para agrandar \u201clos bolsillos\u201d de los capitalistas.<strong> Es decir que el capital acumulado de los patrones son las ganancias que obtienen de nuestro trabajo. <\/strong>Estos capitalistas nacionales y extranjeros, que son los verdaderos due\u00f1os del circo, a veces usan tal o cual partido pol\u00edtico seg\u00fan sus necesidades. Estas necesidades no son solamente econ\u00f3micas, sino que dependen tambi\u00e9n de la situaci\u00f3n pol\u00edtica. Cuando hay un ascenso de las luchas de los trabajadores y el pueblo que pone en riesgo sus intereses apelan al ala \u201cpopulista\u201d. Con el kirchnerismo los capitalistas \u201cla levantaron con pala\u201d y adem\u00e1s fueron \u201cpagadores seriales\u201d de las deudas con el capital financiero privado y el FMI. Cuando en lugar de viento de cola se produjo la crisis, lleg\u00f3 la hora del ajuste y despu\u00e9s de pasar por los tibios intermedios de Macri y Alberto Fern\u00e1ndez-CFK-Massa, pusieron al loco de la motosierra, dispuesto a cortarnos en pedazos para salvar las ganancias de los m\u00e1s grandes capitalistas.<\/p>\n\n\n\n<p><strong>La conclusi\u00f3n es simple. Capitalistas y trabajadores son clases opuestas y antag\u00f3nicas. Sus intereses no se pueden conciliar, y en el marco de la crisis del capitalismo a nivel mundial, si no lo entendemos estamos fritos. La soluci\u00f3n tambi\u00e9n es simple, aunque sea dif\u00edcil de hacer. Para salir de la miseria y terminar con la explotaci\u00f3n y todas las injusticias y corrupci\u00f3n del capitalismo, debemos luchar por instaurar un Gobierno de Trabajadores que expropie a los capitalistas y planifique la econom\u00eda en beneficio del pueblo trabajador.<\/strong><\/p>\n\n\n\n<p><strong>Al expropiar los medios de producci\u00f3n y de cambio (las f\u00e1bricas, las tierras, el transporte, las grandes cadenas de distribuci\u00f3n comercial, los bancos) los trabajadores solo estar\u00edamos recuperando lo que es fruto de nuestro trabajo. Con ello podr\u00edamos tener un salario que como m\u00ednimo cubra la canasta familiar, recuperar las empresas cerradas y un plan de construcci\u00f3n de viviendas hospitales y escuelas con lo que se garantizar\u00eda la plena ocupaci\u00f3n.\u00a0 No hay otro camino. Y para recorrerlo tenemos que organizar un Partido de Trabajadores dispuesto a luchar por la revoluci\u00f3n socialista en el plano internacional. Sumate a La Causa Obrera para luchar por construirlo.<\/strong><\/p>\n\n\n\n<p><strong>6\/9\/24<\/strong><\/p>\n","protected":false},"excerpt":{"rendered":"<p>Finalmente, despu\u00e9s de reunirse con diputados y senadores propios (LLA) y aliados (PRO), Milei confirm\u00f3 el veto a la ley aprobada en el Congreso, que modificaba el r\u00e9gimen de movilidad jubilatorio. No era gran cosa. Hablando en plata, ser\u00edan entre&#8230;<\/p>\n","protected":false},"author":3,"featured_media":2024,"comment_status":"open","ping_status":"open","sticky":true,"template":"","format":"standard","meta":{"footnotes":""},"categories":[5],"tags":[],"_links":{"self":[{"href":"https:\/\/causa-obrera.org\/index.php\/wp-json\/wp\/v2\/posts\/2019"}],"collection":[{"href":"https:\/\/causa-obrera.org\/index.php\/wp-json\/wp\/v2\/posts"}],"about":[{"href":"https:\/\/causa-obrera.org\/index.php\/wp-json\/wp\/v2\/types\/post"}],"author":[{"embeddable":true,"href":"https:\/\/causa-obrera.org\/index.php\/wp-json\/wp\/v2\/users\/3"}],"replies":[{"embeddable":true,"href":"https:\/\/causa-obrera.org\/index.php\/wp-json\/wp\/v2\/comments?post=2019"}],"version-history":[{"count":1,"href":"https:\/\/causa-obrera.org\/index.php\/wp-json\/wp\/v2\/posts\/2019\/revisions"}],"predecessor-version":[{"id":2025,"href":"https:\/\/causa-obrera.org\/index.php\/wp-json\/wp\/v2\/posts\/2019\/revisions\/2025"}],"wp:featuredmedia":[{"embeddable":true,"href":"https:\/\/causa-obrera.org\/index.php\/wp-json\/wp\/v2\/media\/2024"}],"wp:attachment":[{"href":"https:\/\/causa-obrera.org\/index.php\/wp-json\/wp\/v2\/media?parent=2019"}],"wp:term":[{"taxonomy":"category","embeddable":true,"href":"https:\/\/causa-obrera.org\/index.php\/wp-json\/wp\/v2\/categories?post=2019"},{"taxonomy":"post_tag","embeddable":true,"href":"https:\/\/causa-obrera.org\/index.php\/wp-json\/wp\/v2\/tags?post=2019"}],"curies":[{"name":"wp","href":"https:\/\/api.w.org\/{rel}","templated":true}]}}