{"id":1893,"date":"2024-04-05T11:37:09","date_gmt":"2024-04-05T11:37:09","guid":{"rendered":"https:\/\/causa-obrera.org\/?p=1893"},"modified":"2024-04-05T11:37:09","modified_gmt":"2024-04-05T11:37:09","slug":"universidad-derrotemos-el-ajuste-presupuestario-de-milei","status":"publish","type":"post","link":"https:\/\/causa-obrera.org\/index.php\/2024\/04\/05\/universidad-derrotemos-el-ajuste-presupuestario-de-milei\/","title":{"rendered":"Universidad:                                                       Derrotemos el ajuste presupuestario de Milei"},"content":{"rendered":"\n<p>El gobierno de Milei con su plan motosierra sigue avanzando en varios planos. La gran devaluaci\u00f3n que realiz\u00f3 en diciembre, junto a la liberaci\u00f3n salvaje de precios, provoc\u00f3 un brutal ajuste al pueblo trabajador que sufre d\u00eda a d\u00eda una ca\u00edda del salario real y la respectiva p\u00e9rdida de calidad de vida.<\/p>\n\n\n\n<p>La promesa de que el ajuste \u201clo iba a pagar la casta\u201d era una estafa. Milei se despach\u00f3\u0301 con un DNU, cuyo eje es desregular la actividad econ\u00f3mica, es decir, darle m\u00e1s \u201clibertad\u201d y ganancias a los empresarios, entregarles en bandeja negocios a los grandes capitalistas que apoyaron su campa\u00f1a electoral y cumplir el acuerdo con el FMI, todo esto a costa de hundir m\u00e1s en la miseria con baj\u00edsimos salarios, precariedad laboral y m\u00e1s desocupaci\u00f3n a los trabajadores, al pueblo pobre y a la clase media.<\/p>\n\n\n\n<p>Este ajuste, tambi\u00e9n incluye a la educaci\u00f3n p\u00fablica en general y en particular a las universidades nacionales y regionales, para las cuales mantiene el mismo monto presupuestario del a\u00f1o pasado para el a\u00f1o 2024, un recorte presupuestario y salarial que ha agravado la situaci\u00f3n de las Universidades, en la perspectiva del arancelamiento de la educaci\u00f3n p\u00fablica.<\/p>\n\n\n\n<p>Esto afecta a m\u00e1s de dos millones de estudiantes, a miles de trabajadores docentes y no docentes, que ya ven\u00edan con bajos salarios, muy atr\u00e1s de la inflaci\u00f3n, por las paritarias a la baja que se firmaron en el gobierno de Alberto Fern\u00e1ndez.<\/p>\n\n\n\n<p>Como consecuencia de este congelamiento presupuestario, el Rectorado anunci\u00f3 y decret\u00f3 que en la Universidad Nacional de Quilmes (con la aprobaci\u00f3n del Consejo Superior) ya hay cesant\u00edas con bajas de contratos a muchos docentes, recortes de horas extras a trabajadores no docentes y una reducci\u00f3n de la oferta acad\u00e9mica, con un nuevo l\u00edmite a las inscripciones de materias, pudiendo inscribirse s\u00f3lo a 2 materias y cursos que eran gratuitos pasan a ser arancelados.<\/p>\n\n\n\n<p>Esa fue la primera respuesta de las autoridades de la Universidad: hacer una denuncia del recorte del presupuesto, pero enseguida se dispusieron a gestionar el ajuste de Milei. Por su parte, las conducciones de los tres centros de estudiantes, Alianza Universitaria, que responden a la juventud de La C\u00e1mpora y al PJ, avalan en los hechos esta medida, apoyando la decisi\u00f3n pol\u00edtica del Rectorado, sin llamar a realizar ninguna acci\u00f3n para tirar abajo este brutal ajuste.<\/p>\n\n\n\n<p>Desde el Partido de la Causa Obrera llamamos a enfrentar este recorte del presupuesto a las Universidades y sus medidas con la m\u00e1s amplia unidad entre estudiantes y trabajadores de la Universidad de Quilmes, a impulsar asambleas y clases p\u00fablicas entre los claustros para movilizarnos, coordinar acciones con estudiantes y trabajadores de otras universidades que se est\u00e1n organizando.<\/p>\n\n\n\n<p>La movilizaci\u00f3n del viernes 15 al centro de Bernal, es un primer paso para un plan de lucha.<\/p>\n\n\n\n<p>Dicen que no hay plata, pero se la llevan los capitalistas del campo, de la industria y de los bancos, nacionales y extranjeros. Creemos que para poder conseguir un aumento de presupuesto educativo que garantice el funcionamiento de la Universidades -que hoy deber\u00eda ser el triple del actual o m\u00e1s, de acuerdo a los \u00edndices inflacionarios superiores al 200%-, para aumentar los magros salarios de los trabajadores docentes y no docentes, para frenar esta feroz ofensiva contra los trabajadores y el pueblo, hay que preparar una huelga general convocada por tiempo indeterminado, con el objetivo de tirar abajo el plan motosierra de Milei, las grandes patronales, el FMI y las burocracias sindicales c\u00f3mplices. <strong>(Volante distribuido en la marcha del 15\/3)<\/strong><\/p>\n\n\n\n<p><strong>Richard y Buda<\/strong>, 13\/3\/24<\/p>\n","protected":false},"excerpt":{"rendered":"<p>El gobierno de Milei con su plan motosierra sigue avanzando en varios planos. La gran devaluaci\u00f3n que realiz\u00f3 en diciembre, junto a la liberaci\u00f3n salvaje de precios, provoc\u00f3 un brutal ajuste al pueblo trabajador que sufre d\u00eda a d\u00eda una&#8230;<\/p>\n","protected":false},"author":3,"featured_media":1894,"comment_status":"open","ping_status":"open","sticky":true,"template":"","format":"standard","meta":{"footnotes":""},"categories":[7],"tags":[],"_links":{"self":[{"href":"https:\/\/causa-obrera.org\/index.php\/wp-json\/wp\/v2\/posts\/1893"}],"collection":[{"href":"https:\/\/causa-obrera.org\/index.php\/wp-json\/wp\/v2\/posts"}],"about":[{"href":"https:\/\/causa-obrera.org\/index.php\/wp-json\/wp\/v2\/types\/post"}],"author":[{"embeddable":true,"href":"https:\/\/causa-obrera.org\/index.php\/wp-json\/wp\/v2\/users\/3"}],"replies":[{"embeddable":true,"href":"https:\/\/causa-obrera.org\/index.php\/wp-json\/wp\/v2\/comments?post=1893"}],"version-history":[{"count":1,"href":"https:\/\/causa-obrera.org\/index.php\/wp-json\/wp\/v2\/posts\/1893\/revisions"}],"predecessor-version":[{"id":1895,"href":"https:\/\/causa-obrera.org\/index.php\/wp-json\/wp\/v2\/posts\/1893\/revisions\/1895"}],"wp:featuredmedia":[{"embeddable":true,"href":"https:\/\/causa-obrera.org\/index.php\/wp-json\/wp\/v2\/media\/1894"}],"wp:attachment":[{"href":"https:\/\/causa-obrera.org\/index.php\/wp-json\/wp\/v2\/media?parent=1893"}],"wp:term":[{"taxonomy":"category","embeddable":true,"href":"https:\/\/causa-obrera.org\/index.php\/wp-json\/wp\/v2\/categories?post=1893"},{"taxonomy":"post_tag","embeddable":true,"href":"https:\/\/causa-obrera.org\/index.php\/wp-json\/wp\/v2\/tags?post=1893"}],"curies":[{"name":"wp","href":"https:\/\/api.w.org\/{rel}","templated":true}]}}