{"id":1796,"date":"2023-10-06T00:45:12","date_gmt":"2023-10-06T00:45:12","guid":{"rendered":"https:\/\/causa-obrera.org\/?p=1796"},"modified":"2023-10-06T00:45:13","modified_gmt":"2023-10-06T00:45:13","slug":"nos-vendenespejitos-de-colores","status":"publish","type":"post","link":"https:\/\/causa-obrera.org\/index.php\/2023\/10\/06\/nos-vendenespejitos-de-colores\/","title":{"rendered":"Nos venden\u2026espejitos de colores"},"content":{"rendered":"\n<p>A pocas semanas de las elecciones generales, empiezan a correr las encuestas la mayor\u00eda de las cuales se hacen a medida del frente pol\u00edtico o candidato que las paga.<\/p>\n\n\n\n<p>En las elecciones, al fin y al cabo, nos dan a elegir entre el capataz, el supervisor y el gerente. Ninguno nos gusta. Pero -nos dicen los periodistas y los pol\u00edticos por la TV- \u201ca alguien hay que votar\u201d; \u201csi no eleg\u00eds vos otro va a elegir por vos\u201d. \u201cSi no hay nadie bueno, hay que elegir al menos malo\u201d \u2026 Pero <strong>\u00bfCu\u00e1l es el mal menor? NINGUNO porque todos van a gobernar para la patronal. <\/strong>Todos los candidatos con posibilidades son candidatos de la patronal. Sus diferencias son las que hay entre los intereses de diferentes sectores de las patronales. Pero <strong>todos est\u00e1n de acuerdo en que hay que ajustar a los trabajadores, aumentar la explotaci\u00f3n para aumentar las ganancias patronales, y pagarle al FMI.<\/strong><\/p>\n\n\n\n<p>Te prometen soluciones m\u00e1gicas, promesas generales, sin decir c\u00f3mo las van a hacer: Milei dice que si lo dejan gobernar 35 a\u00f1os har\u00e1 que Argentina sea como EE-UU. Bullrich promete hacer un pa\u00eds \u201cordenado\u201d para siempre. Y Massa dice que lo peor ya pas\u00f3 y que cuando \u00e9l sea presidente las cosas van a ser \u201cdiferentes\u201d. El mensaje de todos es el mismo: \u201cVotame, si yo gano te salvo\u201d. <strong>T<\/strong><strong>odos pretenden que los trabajadores seamos espectadores pasivos<\/strong>, que llegado el d\u00eda votemos a alguno de los candidatos patronales, y despu\u00e9s volvamos como ovejas a ir de casa al trabajo y del trabajo a casa. Nos venden a los capitalistas, nos venden al FMI y nos venden espejitos de colores para que los votemos.<\/p>\n\n\n\n<p>Asi est\u00e1 armado el circo. Asi funciona el sistema. Cada vez estamos peor, pero quieren obligarte a ir a votar, aunque los candidatos representen a los responsables de la sociedad miserable y angustiante en que vivimos. Y si no vas a votar te acusan de \u00a1poner en riesgo la democracia! En realidad, los que sienten v\u00e9rtigo de estar al borde del precipicio cuando no vamos a votar son <strong>los propios pol\u00edticos y empresarios que temen que ya la trampa \u201cdemocr\u00e1tica\u201d no funcione <\/strong>y que los trabajadores, empezando por rechazarla, empiecen a buscar un camino propio -e independiente de los pol\u00edticos patronales- para cambiar las cosas de ra\u00edz.<\/p>\n\n\n\n<p><strong><u>El mismo guiso de siempre, pero recalentado<\/u><\/strong><\/p>\n\n\n\n<p><strong>Massa<\/strong>, el que aplica el ajuste contra nuestros salarios, la salud y la educaci\u00f3n, se presenta como un h\u00e9roe que \u201cagarr\u00f3 el fierro caliente\u201d. Con esa acci\u00f3n salv\u00f3 al gobierno de Alberto Fern\u00e1ndez y de Cristina Kirchner, para que no tuvieran que irse en helic\u00f3ptero. Que lo feliciten ellos. Pero <strong>a los trabajadores y al pueblo \u00a1\u00a1nos sigui\u00f3 hundiendo en la pobreza!! <\/strong>El d\u00eda despu\u00e9s de las PASO impuso una devaluaci\u00f3n que hizo saltar la inflaci\u00f3n. Dijo que lo tuvo que hacer porque se lo impuso el FMI. A confesi\u00f3n de parte relevo de prueba. <\/p>\n\n\n\n<figure class=\"wp-block-image size-full\"><img loading=\"lazy\" decoding=\"async\" width=\"400\" height=\"267\" src=\"https:\/\/causa-obrera.org\/wp-content\/uploads\/2023\/10\/image-3.png\" alt=\"\" class=\"wp-image-1797\" srcset=\"https:\/\/causa-obrera.org\/wp-content\/uploads\/2023\/10\/image-3.png 400w, https:\/\/causa-obrera.org\/wp-content\/uploads\/2023\/10\/image-3-300x200.png 300w\" sizes=\"(max-width: 400px) 100vw, 400px\" \/><\/figure>\n\n\n\n<p>Este <strong>es un gobierno sometido al FMI<\/strong>, es decir, a los gerentes del capital financiero imperialista. \u00bfEn d\u00f3nde qued\u00f3 la bandera peronista-kirchnerista de la soberan\u00eda nacional? Mientras tanto Alberto Fern\u00e1ndez y CFK -que son pianta votos- se borraron para dejarlo gobernar y hacer campa\u00f1a a Massa. En funci\u00f3n de gobernante te ajusta y deval\u00faa. Y despu\u00e9s como candidato, para recuperar votos, est\u00e1 rifando (literalmente) todo lo que puede, repartiendo bonos que son plata para la campa\u00f1a electoral y hambre para ma\u00f1ana. La \u00fanica concesi\u00f3n seria fue la eliminaci\u00f3n de la 4ta categor\u00eda del impuesto a las ganancias, que beneficia solo a los trabajadores de altos ingresos y consolida el apoyo electoral de la burocracia sindical. Eso s\u00ed, dice que si gana va a ser todo distinto, si gana (gran ajuste de por medio) vamos para adelante. Dice que es porque tiene coraje. Nosotros dir\u00edamos que tiene la cara de piedra. <strong>Massa es un \u201cfullero\u201d seg\u00fan dijo la propia CFK, o sea en la pol\u00edtica miente m\u00e1s que en el truco. Es el espejito celeste y blanco.<\/strong><\/p>\n\n\n\n<p><strong>Bullrich<\/strong> se postula como la candidata del orden. Dice que va a poner mano dura en las cuestiones de seguridad y contra los pobres que reciben planes sociales. Pero <strong>el orden que quiere imponer es el orden capitalista contra los trabajadores<\/strong>. <\/p>\n\n\n\n<figure class=\"wp-block-image size-full\"><img loading=\"lazy\" decoding=\"async\" width=\"288\" height=\"175\" src=\"https:\/\/causa-obrera.org\/wp-content\/uploads\/2023\/10\/image-6.png\" alt=\"\" class=\"wp-image-1800\"\/><\/figure>\n\n\n\n<p>Se postula como la que garantiza \u201cterminar con el kirchnerismo\u201d pero sin arriesgar la gobernabilidad. Es la manera de decir que va a terminar con el populismo irresponsable y que <strong>viene a imponer m\u00e1s ajuste en sinton\u00eda con las exigencias del FMI y las necesidades de las grandes patronales<\/strong>. Es la versi\u00f3n responsable, seria y segura, de Milei. Milei dice que Bullrich es su segunda marca, y Bullrich dice no, no, yo soy la de mejor calidad. Con ello y con el apoyo de Clar\u00edn y TN trata de asegurarse los votos radicales, algunos de los cuales ya amenazaban con enfilar para el lado de Massa o de Milei. <strong>Bullrich es el espejito amarillo.<\/strong><\/p>\n\n\n\n<p><strong>Milei <\/strong>dice que est\u00e1 contra los pol\u00edticos, pero no quiere decir que <strong>es el candidato de los grandes grupos empresarios como Eurnekian.<\/strong><\/p>\n\n\n\n<figure class=\"wp-block-image size-full\"><img loading=\"lazy\" decoding=\"async\" width=\"403\" height=\"269\" src=\"https:\/\/causa-obrera.org\/wp-content\/uploads\/2023\/10\/image-4.png\" alt=\"\" class=\"wp-image-1798\" srcset=\"https:\/\/causa-obrera.org\/wp-content\/uploads\/2023\/10\/image-4.png 403w, https:\/\/causa-obrera.org\/wp-content\/uploads\/2023\/10\/image-4-300x200.png 300w\" sizes=\"(max-width: 403px) 100vw, 403px\" \/><\/figure>\n\n\n\n<p><strong>Los empresarios<\/strong> no son \u201cuna casta\u201d son una clase, la clase dominante, <strong>son los que manejan \u201cla casta\u201d.<\/strong> Son los que tienen el verdadero poder el que usaron para hacer negocios y apoyar a los mismos sectores pol\u00edticos que Milei y los que lo van a votar repudian. Fijate si no, que <strong>tiene como asesores econ\u00f3micos a personajes que representan los intereses de los grupos financieros internacionales<\/strong> como Roque Fern\u00e1ndez director del Banco Central <strong>en el gobierno de Menem-Cavallo<\/strong> y despu\u00e9s reemplaz\u00f3 a este \u00faltimo como ministro de econom\u00eda de Menem. Y Federico Sturzenegger que fue funcionario del ministerio de econom\u00eda <strong>en el gobierno de De La R\u00faa<\/strong> y diputado nacional del PRO. <strong>Su candidata a vicepresidente es Victoria Villarruel, ferviente defensora de la dictadura militar que dio el golpe del 76<\/strong>. Y sus listas est\u00e1n llenas de candidatos prestados de Massa, tal como reconocieron Sergio Berni y Juan Grabois. Como se puede ver, ac\u00e1 no hay nada de nuevo, sino que m\u00e1s bien <strong>representa al neoliberalismo que ya gobern\u00f3 en los 90 con Menem<\/strong> y a los m\u00e9todos represivos de <strong>la dictadura militar<\/strong>, la que asumi\u00f3 el poder por medio de un golpe de Estado para imponer el neoliberalismo de Mart\u00ednez de Hoz. <strong>Milei es el espejito violeta.<\/strong><\/p>\n\n\n\n<p>Son los tres que todav\u00eda tienen alguna chance de ganar, aunque el an\u00e1lisis pol\u00edtico general indica que lo m\u00e1s probable sea que Milei y Massa pasen a la segunda vuelta del 19 de noviembre.<\/p>\n\n\n\n<p>Si son ellos los que pasan al ballotage, en esa instancia los votos de Juntos por el Cambio se dividir\u00e1n entre el apoyo a Milei (de los seguidores de Bullrich y Macri) y el apoyo a Massa del sector de Larreta y los radicales encabezados por su \u201camigo\u201d Gerardo Morales, a quienes <strong>Massa les ha prometido que si gana har\u00e1 un gobierno de unidad nacional<\/strong>. <\/p>\n\n\n\n<figure class=\"wp-block-image size-full\"><img loading=\"lazy\" decoding=\"async\" width=\"405\" height=\"246\" src=\"https:\/\/causa-obrera.org\/wp-content\/uploads\/2023\/10\/image-5.png\" alt=\"\" class=\"wp-image-1799\" srcset=\"https:\/\/causa-obrera.org\/wp-content\/uploads\/2023\/10\/image-5.png 405w, https:\/\/causa-obrera.org\/wp-content\/uploads\/2023\/10\/image-5-300x182.png 300w\" sizes=\"(max-width: 405px) 100vw, 405px\" \/><\/figure>\n\n\n\n<p>Esta promesa no es solo para ganar votos present\u00e1ndose como el que viene a cerrar \u201cla grieta\u201d. Es para presentarse como un pol\u00edtico responsable capaz de armar un gobierno s\u00f3lido y fuerte para imponer los cambios estructurales al servicio del imperialismo y los capitalistas. Es cumplir con la pol\u00edtica que le recomend\u00f3 el embajador yanki.<\/p>\n\n\n\n<p>Frente a esta promesa que significa un gobierno de todos los pol\u00edticos que ya gobernaron, Milei sigue capitalizando electoralmente su condici\u00f3n de \u201cnuevo\u201d y de \u201coutsider\u201d, pero la clase gobernante y el imperialismo lo ven con cierto recelo; tienen dudas de que pueda encarar un gobierno que se aguante las luchas obreras y populares.<\/p>\n\n\n\n<p>Lo que prometen los candidatos <strong>son los mismos platos que ya venimos comiendo gobierno tras gobierno, pero recalentados<\/strong>. Asi funciona \u201cla democracia\u201d y el sistema electoral. Esta planeado para que te sigas tragando lo que no te gusta, y aceptando con la cabeza agachada \u201cel mal menor\u201d.<\/p>\n\n\n\n<p><strong><u>El camino electoral termina en un cuarto muy oscuro<\/u><\/strong><\/p>\n\n\n\n<p>Por el camino electoral los trabajadores no saldremos de la miseria y la explotaci\u00f3n. Por aca solo empeoraremos. Llamamos a los trabajadores a <strong>No votar, votar en blanco o impugnar el voto<\/strong>. No votar es rechazar esta trampa patronal de conjunto. Votar en blanco o nulo es expresar en el terreno electoral que no lograron enga\u00f1arnos con ninguno de los candidatos patronales. Cuando decimos esto, en seguida nos quieren correr con la misma cantinela de siempre: \u00a1No votar es conspirar contra la democracia que tanto nos cost\u00f3 conseguir! No, no es as\u00ed, porque no se est\u00e1 preparando ning\u00fan golpe de estado. Y si as\u00ed fuera tampoco se puede parar un golpe con una elecci\u00f3n sino con una muy fuerte lucha obrera y popular. Lo que quieren hacer es obligarnos a ir a votar para que tenga legitimidad el nuevo gobierno. Pero despu\u00e9s de 40 a\u00f1os de dar vueltas y vueltas en la misma calesita muchos trabajadores ya nos dimos cuenta que la sortija la sacan siempre los capitalistas.<\/p>\n\n\n\n<p>Tambi\u00e9n dicen \u00a1Pero si no votamos le hacemos el juego a la derecha! Y resulta que <strong>los candidatos que pueden ganar son todos de derecha<\/strong>. M\u00e1s bien, <strong>\u00a1\u00a1yendo a votar es que le hacemos el juego a la derecha!!<\/strong><\/p>\n\n\n\n<p><strong>Se nos podr\u00e1 decir que tambi\u00e9n se puede votar por los candidatos del FITu. Para empezar, habr\u00eda que ver si los militantes y simpatizantes del FITu votan a Bregman-Del Ca\u00f1o o van a cortar boleta a favor de Massa.&nbsp; El FIT se adapt\u00f3 tanto al regimen democr\u00e1tico-burgu\u00e9s que ya no representa una opci\u00f3n electoral clasista para los trabajadores.&nbsp;<\/strong><\/p>\n\n\n\n<p>Pero <strong>\u00bfNo votar es la soluci\u00f3n?<\/strong> No, porque en las elecciones votando o no votando no hay ni va a haber ninguna soluci\u00f3n para nuestra situaci\u00f3n como trabajadores. Pero es una primera manifestaci\u00f3n de que nos empezamos a dar cuenta. Es solo la parte pasiva, es el rechazo a la trampa \u201cdemocr\u00e1tica\u201d que nos tienden las patronales y sus pol\u00edticos. &nbsp;<\/p>\n\n\n\n<p><strong>Para cambiar las cosas a favor de los trabajadores y el pueblo <\/strong>necesitamos otra cosa. Vamos a tener que <strong>salir a luchar<\/strong> para defendernos de la ofensiva de los gobiernos y las patronales, que ser\u00e1 m\u00e1s fuerte despu\u00e9s del 10 de diciembre, cualquiera sea el que gane. Para eso hay que organizarse en las f\u00e1bricas, escuelas, hospitales, en los barrios obreros y populares. Correr a la burocracia sindical que nos impide luchar. Discutir y decidir todo en asambleas y coordinar con otros trabajadores que est\u00e9n luchando o prepar\u00e1ndose a luchar para hacernos m\u00e1s fuertes con la unidad.<\/p>\n\n\n\n<p>Pero adem\u00e1s de luchar por las reivindicaciones elementales, lo que necesitamos los trabajadores es <strong>organizar nuestro propio partido<\/strong>, Necesitamos un Partido de Trabajadores, que sea independiente de las patronales, la burocracia sindical y los gobiernos, para darle una direcci\u00f3n a esa lucha,<strong> y preparar la lucha por conquistar el poder, para instaurar un gobierno de trabajadores.<\/strong><\/p>\n\n\n\n<p>La \u00fanica manera favorable a los trabajadores para terminar con la inflaci\u00f3n es la <strong>expropiaci\u00f3n de los capitalistas<\/strong> (industriales, del campo, banqueros y comerciales) que se llenan los bolsillos con nuestro trabajo. Romper con el FMI, no pagar la deuda p\u00fablica ni externa ni interna. Estatizar la banca y centralizar el cr\u00e9dito en un banco estatal \u00fanico; establecer el monopolio del comercio exterior y expropiar las grandes cadenas de comercializaci\u00f3n interna. Solo as\u00ed podremos organizar la econom\u00eda en beneficio de los trabajadores y el pueblo. Con las palancas de la econom\u00eda en manos de los trabajadores, no solo se terminar\u00e1 la inflaci\u00f3n, sino que se repartir\u00e1 el trabajo entre todos los que ahora est\u00e1n ocupados y desocupados y as\u00ed trabajaremos menos horas cada uno, con salarios que como piso m\u00ednimo cubran la canasta familiar.<\/p>\n\n\n\n<p>Los trabajadores en el poder disolveremos a la corrupta polic\u00eda y los cuerpos represivos, formaremos milicias obreras para derrotar al narcotr\u00e1fico y para que se hagan cargo de la seguridad en los barrios, sin dejar de pertenecer a la estructura laboral.&nbsp;<\/p>\n\n\n\n<p>Cuando explicamos que este programa es el \u00fanico que puede terminar con la miseria y la explotaci\u00f3n de los trabajadores y el pueblo, muchos compa\u00f1eros nos dicen que es imposible. No es as\u00ed. Nos hacen creer eso porque quieren que nos resignemos a vivir eternamente como esclavos asalariados, agachando la cabeza. Pero cada vez vamos a estar peor. Con el planeta amenazado por el cambio clim\u00e1tico y la proximidad de una Tercera Guerra Mundial. No hay nada que sea imposible. <strong>Todo es posible si nos unimos y nos organizamos en un Partido de Trabajadores revolucionario.<\/strong><\/p>\n\n\n\n<p><strong>29\/9\/23<\/strong><\/p>\n\n\n\n<p class=\"has-large-font-size\"><strong>El \u201cprontuario\u201d pol\u00edtico de los principales candidatos<\/strong><\/p>\n\n\n\n<p>De manera sint\u00e9tica, escribimos este peque\u00f1o \u201cprontuario\u201d de los tres candidatos patronales que est\u00e1n disputando la presidencia. Para algunos, esta informaci\u00f3n puede ser conocida, pero a muchos otros puede sorprenderle.<\/p>\n\n\n\n<p>Comenzaremos por <strong>Massa, Sergio Tom\u00e1s<\/strong>.<\/p>\n\n\n\n<p>En este momento es el ministro de econom\u00eda, con facultades extraordinarias. Los medios lo llamaron el \u201cs\u00faper ministro\u201d, no porque viniera a salvar pobres y desvalidos, sino porque \u201ctener amplios poderes\u201d fue la condici\u00f3n que puso Massa para \u201cagarrar el fierro caliente\u201d. En los hechos act\u00faa como presidente desde hace un a\u00f1o cuando Alberto Fern\u00e1ndez pr\u00e1cticamente tuvo que dejar su lugar para dedicarse a las relaciones internacionales.<\/p>\n\n\n\n<p>Su comienzo \u201cen la pol\u00edtica\u201d fue en la UCD (Uni\u00f3n del Centro Democr\u00e1tico) de \u00c1lvaro Alsogaray. Un partido de derecha, Liberal (\u00bfte suena?). Fue presidente de la Juventud Liberal en la Provincia de Buenos Aires entre 1994 y 1996. Ese sector se uni\u00f3 al Partido Justicialista en tiempos de Carlos Menem, a mediados de los \u201890. O sea que <strong>Massa apoy\u00f3 al gobierno de Menem-Cavallo, que privatiz\u00f3<\/strong> todas las empresas del estado -entre otras YPF y Aerol\u00edneas Argentinas-, gener\u00f3 la hiper desocupaci\u00f3n y una crisis tristemente recordada por los trabajadores.<\/p>\n\n\n\n<p>Con la ayuda del bur\u00f3crata sindical Luis Barrionuevo, entr\u00f3 en una subsecretar\u00eda del Ministerio del Interior y se convirti\u00f3 en asesor del cantante y pol\u00edtico Ram\u00f3n \u201cPalito\u201d Ortega cuando \u00e9ste se desempe\u00f1\u00f3 como secretario de Desarrollo Social entre 1998 y 1999.<\/p>\n\n\n\n<p>En 2002 ingres\u00f3 al Anses, <strong>por su vinculaci\u00f3n con Eduardo Duhalde<\/strong>, por entonces presidente de la Argentina y responsable del <strong>asesinato de Kosteki y Santill\u00e1n<\/strong>. Massa estuvo en el Anses hasta el 2007, a\u00f1o en que prob\u00f3 suerte y gan\u00f3 la intendencia en el municipio de Tigre. Pronto tom\u00f3 licencia en su cargo cuando en 2008 fue designado como <strong>jefe de gabinete<\/strong> por la presidente en ese entonces, Cristina Kirchner. Pero en 2009, cuando comenzaba a declinar la popularidad del gobierno tras la \u201cpelea\u201d de CFK con el \u201ccampo\u201d, renunci\u00f3 y volvi\u00f3 a su cargo de intendente. Ah\u00ed vio la grieta que se habr\u00eda entre distintos sectores de la burgues\u00eda y fund\u00f3 su partido \u201cFrente Renovador\u201d. En las elecciones de 2013 capitaliz\u00f3 el descontento que hab\u00eda con el gobierno y sac\u00f3 m\u00e1s del 40% de los votos, lo que le permiti\u00f3 entrar como diputado nacional. Era el Massa \u201carch\u00ed-enemigo\u201d de los Kirchner (sus anteriores amigos) y en esa posici\u00f3n estuvo, pensando que ganar\u00eda las presidenciales\u2026 si no fuera por Macri y la coalici\u00f3n que arm\u00f3 el PRO, con el ARI de Carri\u00f3 y la UCR que lo dej\u00f3 en tercer lugar despu\u00e9s de Scioli (el candidato de CFK).<\/p>\n\n\n\n<p>Resulta que ah\u00ed estaba, en la \u201coposici\u00f3n\u201d, hasta que vino la crisis del Macrismo\u2026 y el peronismo se volvi\u00f3 a juntar para apoyar la f\u00f3rmula \u201cFern\u00e1ndez-Fern\u00e1ndez\u201d, que termin\u00f3 de galvanizarse con el reingreso de su antiguo \u201ccompa\u00f1ero Sergio\u201d.<\/p>\n\n\n\n<p>M\u00e1s falso que moneda de tres pesos, Massa ajusta y deval\u00faa como cualquier gobierno de derecha, pero hace campa\u00f1a electoral repartiendo plata como el mejor populista. Como \u00faltima carta del peronismo, se alinearon todos detr\u00e1s de \u00e9l, para seguir haciendo lo que hicieron siempre: un gobierno que defiende los intereses de la burgues\u00eda y el imperialismo, a costa del hambre y la vida del pueblo trabajador.<\/p>\n\n\n\n<p>En 1973, cuando ten\u00eda 17 a\u00f1os, <strong>Patricia Bullrich<\/strong> comenz\u00f3 a militar en la Juventud Peronista, agrupaci\u00f3n con la cual particip\u00f3 de la caravana a Ezeiza para recibir a Juan Domingo Per\u00f3n en su regreso desde el exilio, tras lo cual se produjo la tristemente recordada \u201cMasacre de Ezeiza\u201d. Era una Bullrich \u201cmontonera\u201d. Durante la dictadura estuvo exiliada y su actividad pol\u00edtica a su regreso no estuvo tan \u201cactiva\u201d.<\/p>\n\n\n\n<p>En 1999, con el flamante gobierno de \u201cLa Alianza\u201d, que encabez\u00f3 el radical Fernando De la R\u00faa, fue secretaria de Pol\u00edtica Criminal y Asuntos Penitenciarios del Ministerio de Justicia, y en 2001 se desempe\u00f1\u00f3, primero, como ministra de Trabajo y, despu\u00e9s, como ministra de Desarrollo Social. Renunci\u00f3 en noviembre de ese a\u00f1o, un mes antes de que la movilizaci\u00f3n del <em>\u201cque se vayan todos\u201d<\/em> volteara al gobierno en las jornadas del <a href=\"https:\/\/chequeado.com\/el-explicador\/como-impacto-la-crisis-de-2001-y-como-evoluciono-el-pais-desde-entonces-2\/\">\u201c19 y 20 de diciembre<\/a>\u201d.<\/p>\n\n\n\n<p>Como ministra de Trabajo, el 23 de julio de 2001, <strong>firm\u00f3 junto al entonces ministro de Econom\u00eda, Domingo Cavallo, un&nbsp;<\/strong><a href=\"https:\/\/www.argentina.gob.ar\/normativa\/nacional\/decreto-926-2001-67969\/texto\"><strong>decreto de recorte del 13%<\/strong><\/a><strong>&nbsp;en el monto de los haberes jubilatorios<\/strong> que superaran los $ 574. (Tambi\u00e9n supon\u00eda un recorte del presupuesto de Salud y Educaci\u00f3n. Todo un ataque a los trabajadores)<\/p>\n\n\n\n<p>Sus periplos pol\u00edticos la llevaron a alianzas con Ricardo L\u00f3pez Murphy hasta que en el 2007 se integr\u00f3 a la coalici\u00f3n c\u00edvica-ARI de Elisa Carri\u00f3. Gracias a eso en el 2007 fue electa diputada nacional hasta el 2011 que revalid\u00f3 su banca.<\/p>\n\n\n\n<p>Despu\u00e9s <strong>integr\u00f3 el gobierno de \u201cCambiemos\u201d, con Macri<\/strong> en la presidencia. En ese gobierno fue ministra de seguridad hasta el 2019 cuando perdieron, y posteriormente fue electa como presidenta del PRO hasta la actualidad.<\/p>\n\n\n\n<p><strong>Como ministra de seguridad de Macri organiz\u00f3 la represi\u00f3n a los pueblos originarios<\/strong> del sur del pa\u00eds, donde asesinaron a Santiago Maldonado, y respald\u00f3 al polic\u00eda Chocobar, quien asesin\u00f3 a sangre fr\u00eda a un pibe que hab\u00eda robado a un turista, por tomar dos casos.<\/p>\n\n\n\n<p>Bullrich hace una campa\u00f1a t\u00edpicamente de derecha, prometiendo que va a poner mano dura contra los delincuentes y \u201corden\u201d es decir, <strong>represi\u00f3n a las luchas obreras y populares.<\/strong><\/p>\n\n\n\n<p>Por \u00faltimo, <strong>Javier Milei<\/strong>, se presenta como un \u201coutsider\u201d de la pol\u00edtica. Pero en realidad es un \u201cultraderechista\u201d, que pas\u00f3 de ser un marginal economista \u201canarco-capitalista\u201d medi\u00e1tico <strong>financiado por el empresario Eurneki\u00e1n, <\/strong>a sorprender con su triunfo en las PASO. Lo que ha generado creciente apoyo en la juventud, y luego en otros sectores, incluso proletarios o plebeyos, es su discurso \u201crupturista\u201d ante un r\u00e9gimen pol\u00edtico (\u201cla casta\u201d) repudiado por la poblaci\u00f3n. Pero ahora veremos que de rupturista, \u201canti-casta\u201d o \u201canti-sistema\u201d, no tiene ni un pelo.<\/p>\n\n\n\n<p>En su pasado fue directivo del banco HSBC y economista jefe en M\u00e1xima AFJP y en otras fundaciones especulativas o corporaciones bancarias. Pero hasta el 9 de diciembre de 2021, fue asesor de la Corporaci\u00f3n Am\u00e9rica de Eduardo Eurneki\u00e1n, concesionario de los 35 aeropuertos del pa\u00eds. Otra perlita es que en 1994 Milei fue asesor del ex general (destituido por haber cometido&nbsp;\u201ccr\u00edmenes de lesa humanidad\u201d&nbsp;durante la dictadura) Antonio Domingo Bussi&nbsp;durante su paso como diputado por el Congreso nacional. Hay que recordar que Antonio Domingo Bussi, fue el represor a cargo del \u201cOperativo Independencia\u201d en Tucum\u00e1n, antes del golpe del 76, y gobernador de esa provincia en la dictadura. Por eso no es casualidad que este a\u00f1o llevara en sus listas al hijo del represor, Ricardo Bussi, como candidato a gobernador de esa provincia, y que su f\u00f3rmula presidencial la comparta con Victoria Villarruel, de la \u201cfamilia militar\u201d, defensora de milicos de la \u00faltima dictadura.<\/p>\n\n\n\n<p>Como lo ha dicho \u00e9l mismo, sin pelos en la lengua, Milei representa los intereses capitalistas al igual que los dos candidatos anteriores, pero amenaza con ir m\u00e1s a fondo con el ajuste y las reformas reaccionarias.<\/p>\n","protected":false},"excerpt":{"rendered":"<p>A pocas semanas de las elecciones generales, empiezan a correr las encuestas la mayor\u00eda de las cuales se hacen a medida del frente pol\u00edtico o candidato que las paga. En las elecciones, al fin y al cabo, nos dan a&#8230;<\/p>\n","protected":false},"author":3,"featured_media":1801,"comment_status":"open","ping_status":"open","sticky":true,"template":"","format":"standard","meta":{"footnotes":""},"categories":[5,10],"tags":[],"_links":{"self":[{"href":"https:\/\/causa-obrera.org\/index.php\/wp-json\/wp\/v2\/posts\/1796"}],"collection":[{"href":"https:\/\/causa-obrera.org\/index.php\/wp-json\/wp\/v2\/posts"}],"about":[{"href":"https:\/\/causa-obrera.org\/index.php\/wp-json\/wp\/v2\/types\/post"}],"author":[{"embeddable":true,"href":"https:\/\/causa-obrera.org\/index.php\/wp-json\/wp\/v2\/users\/3"}],"replies":[{"embeddable":true,"href":"https:\/\/causa-obrera.org\/index.php\/wp-json\/wp\/v2\/comments?post=1796"}],"version-history":[{"count":1,"href":"https:\/\/causa-obrera.org\/index.php\/wp-json\/wp\/v2\/posts\/1796\/revisions"}],"predecessor-version":[{"id":1802,"href":"https:\/\/causa-obrera.org\/index.php\/wp-json\/wp\/v2\/posts\/1796\/revisions\/1802"}],"wp:featuredmedia":[{"embeddable":true,"href":"https:\/\/causa-obrera.org\/index.php\/wp-json\/wp\/v2\/media\/1801"}],"wp:attachment":[{"href":"https:\/\/causa-obrera.org\/index.php\/wp-json\/wp\/v2\/media?parent=1796"}],"wp:term":[{"taxonomy":"category","embeddable":true,"href":"https:\/\/causa-obrera.org\/index.php\/wp-json\/wp\/v2\/categories?post=1796"},{"taxonomy":"post_tag","embeddable":true,"href":"https:\/\/causa-obrera.org\/index.php\/wp-json\/wp\/v2\/tags?post=1796"}],"curies":[{"name":"wp","href":"https:\/\/api.w.org\/{rel}","templated":true}]}}