{"id":1711,"date":"2023-06-10T22:11:59","date_gmt":"2023-06-10T22:11:59","guid":{"rendered":"https:\/\/causa-obrera.org\/?p=1711"},"modified":"2023-06-10T22:11:59","modified_gmt":"2023-06-10T22:11:59","slug":"larreta-bullrich-y-milei-mas-ajuste-y-sufrimiento-para-los-trabajadores","status":"publish","type":"post","link":"https:\/\/causa-obrera.org\/index.php\/2023\/06\/10\/larreta-bullrich-y-milei-mas-ajuste-y-sufrimiento-para-los-trabajadores\/","title":{"rendered":"Larreta, Bullrich y Milei:                                      m\u00e1s ajuste y sufrimiento para los trabajadores"},"content":{"rendered":"\n<p>El gobierno peronista de Cristina y Massa (Alberto, formalmente presidente, ya tiene la misma importancia que una alfombra de la Casa Rosada) transcurre la agon\u00eda de sus \u00faltimos meses de gobierno. De las promesas de \u201cllenar la heladera\u201d, en las casas de los trabajadores hoy solo queda el fr\u00edo h\u00famedo de su interior vac\u00edo. Pero no queda ninguna duda que en las casas de los barrios privados en los que viven empresarios, pol\u00edticos, jueces y narcos, no les falta nada, ni en las heladeras ni en sus cuentas bancarias off-shore.<\/p>\n\n\n\n<p>A pesar de la inflaci\u00f3n rampante que hace pomada nuestro salario, incre\u00edblemente, al gobierno del FdT le queda todav\u00eda una d\u00e9bil esperanza de evitar una derrota electoral aplastante. El caballito de batalla para mantener \u201cun piso\u201d de votos peronistas que les permita entrar en la segunda vuelta ya lo sac\u00f3 a la cancha Cristina FK en su discurso del 25 de mayo: \u201cA pesar de los errores, este gobierno es infinitamente mejor de lo que hubiera sido otro gobierno de Macri\u201d. Es decir, como este gobierno no se puede defender con ning\u00fan argumento CFK apela a la ya gastada cantinela de ellos son \u201cel mal menor\u201d. Es dif\u00edcil definir qu\u00e9 es mejor o qu\u00e9 es peor cuando te dan a elegir entre la sart\u00e9n y el fuego.<\/p>\n\n\n\n<p>Del crecimiento econ\u00f3mico de los a\u00f1os anteriores -que fue un rebote de la crisis que empez\u00f3 en 2018 y se profundiz\u00f3 con la pandemia- no qued\u00f3 nada para la clase trabajadora y encima ya se agot\u00f3: la econom\u00eda ya entr\u00f3 en una recesi\u00f3n con inflaci\u00f3n galopante. Pobreza creciente, as\u00ed se puede resumir el gobierno del Frente de Todos (FdT). Como consecuencia de que el kirchnerismo se presenta falsamente como un movimiento \u201ca la izquierda\u201d, \u201cpopular\u201d, el descontento, desencanto o decepci\u00f3n de los trabajadores y sectores populares en general, ha resultado en el crecimiento de lo que los periodistas llaman \u201cla derecha\u201d pol\u00edtica.<\/p>\n\n\n\n<p>En t\u00e9rminos generales \u201cla derecha\u201d ser\u00edan todos los partidos que integran Juntos por el Cambio (JxC), el PRO con sus internas, los radicales, la CC de Carri\u00f3 y, los peronistas de Pichetto y, ahora se sum\u00f3 el liberal Espert. Este frente recontra-patronal, es el que gobern\u00f3 de 2015 a 2019, provocando tambi\u00e9n un aumento de la pobreza, el endeudamiento, la inflaci\u00f3n, en fin, resultando en que Macri fue uno de los pocos presidentes que no puede reelegir, teniendo la posibilidad constitucional de hacerlo, y ahora se baj\u00f3 de la candidatura porque perd\u00eda seguro. Tal es el recuerdo nefasto que los trabajadores tienen de su gobierno, que en las elecciones de 2021 los millones de electores que no quer\u00edan votar al FdT, en lugar de apoyar a la oposici\u00f3n macrista-radical directamente no fueron a votar, impugnaron o votaron en blanco. Sin embargo, ante el desbarranque del gobierno peronista los candidatos de JxC, Bullrich y Larreta, tienen serias chances de volver a gobernar.<\/p>\n\n\n\n<p>Pero \u00bfqu\u00e9 propuestas tienen para un nuevo per\u00edodo de gobierno?<\/p>\n\n\n\n<p>Ninguno habla claramente de lo que piensa hacer, siguiendo las \u201cense\u00f1anzas\u201d de Menem que, en un espont\u00e1neo exabrupto de cinismo, sin ponerse colorado dijo que, si \u00e9l hubiera dicho durante la campa\u00f1a electoral lo que iba a hacer en el gobierno, nadie lo hubiera votado. Sin embargo, a medida que se acercan las elecciones algunas pistas de lo que piensan hacer en el gobierno van apareciendo.<\/p>\n\n\n\n<p>El 2 de mayo Larreta declar\u00f3 a medios de prensa que \u201csi me eligen presidente termino con la intermediaci\u00f3n de los planes sociales\u201d, para que el Estado maneje directamente los planes y les exija a sus beneficiarios una contraprestaci\u00f3n laboral y en un plazo determinado se les venza el plan para obligarlos a aceptar trabajar por salarios miserables. Ha esta idea reaccionaria, Bullrich le agrega que cuando \u201clos piqueteros\u201d se quejen en la 9 de julio o corten alguna ruta los reprimir\u00eda con la polic\u00eda y la gendarmer\u00eda. Estas cosas las pueden decir, porque seguramente y lamentablemente les har\u00e1 ganar votos.<\/p>\n\n\n\n<p>La propaganda medi\u00e1tica logr\u00f3 instalar en la clase media y gran parte de los trabajadores la idea de que los beneficiarios de los planes sociales son vagos que no quieren trabajar y que los que trabajamos somos los que \u201clos mantenemos\u201d para que vivan de arriba. Siempre la propaganda de los medios capitalistas trata de enfrentar a pobres contra pobres. En realidad, a los verdaderos par\u00e1sitos sociales que mantenemos los trabajadores son a los empresarios capitalistas, banqueros, grandes terratenientes y comerciantes. Ellos s\u00ed que se llenan los bolsillos y se llevan el capital que acumulan con el sudor ajeno, con nuestro trabajo. Pero ni Larreta ni Bullrich piensan en cuestionar las ganancias de las patronales sino en c\u00f3mo aumentarlas. Por eso quieren poner a trabajar a los desocupados como mano de obra barata y precaria, para que, a la vez que sacan mucha ganancia de la explotaci\u00f3n de su trabajo, les sirva para bajar el trabajo y empeorar las condiciones de laburo de los que ahora est\u00e1n ocupados y en blanco, facilitando la introducci\u00f3n de nuevos convenios flexibilizados en complicidad con la burocracia sindical.<\/p>\n\n\n\n<p>Cuando le preguntaron a Larreta que iba a hacer para solucionar los principales problemas que afectan a la poblaci\u00f3n trabajadora, contesto: \u201cestamos trabajando en un plan para sacar la Argentina adelante, en un cambio duradero. Yo voy a bajar la inflaci\u00f3n, vamos a terminar con la inseguridad\u201d. \u00bfNo es lo mismo que dicen todos? \u00bfNo es lo mismo que prometi\u00f3 Macri en las elecciones de 2015? \u00bfNo fueron Larreta y Bullrich parte del n\u00facleo principal del gobierno de Macri, que no hizo ni una cosa ni la otra?<\/p>\n\n\n\n<p>Bullrich por su parte, fue igual que otros candidatos a presentar sus propuestas de gobierno al foro de Llao Llao ante el \u201cc\u00edrculo rojo\u201d, como se llama a algunos de los m\u00e1s importantes capitalistas del pa\u00eds. All\u00ed plante\u00f3 entre otras cosas: *) Salir del cepo cambiario \u201cdesde el d\u00eda cero\u201d de su gobierno. Eso implica una superdevaluaci\u00f3n que ni Cavallo se atreve a aconsejar. *) Quitar las retenciones al campo. Eso quiere decir que van a hacer recortes en el gasto del Estado (salud, educaci\u00f3n, despedir trabajadores estatales) para beneficiar a la gran patronal agropecuaria. *) Reforma laboral, para aumentar la explotaci\u00f3n del trabajo *) Mano dura contra las protestas sociales. Esa mano dura no va a ser solo contra los piqueteros sino contra cualquier lucha de los trabajadores.<\/p>\n\n\n\n<p><strong>Milei, demagogia fascista disfrazada de \u201cantisistema\u201d<\/strong><\/p>\n\n\n\n<p>Con los dos grandes frentes pol\u00edticos patronales (JxC y el FdT) \u201cquemados\u201d pol\u00edticamente por gobernar claramente contra el pueblo, lo que realmente ha crecido, m\u00e1s que la \u201cderecha\u201d es la \u201cultra-derecha\u201d de Milei, quien pas\u00f3 de ser un marginal economista \u201canarco-capitalista\u201d medi\u00e1tico financiado por el empresario Eurneki\u00e1n, a ponerse a la par en las encuestas con los peronistas y macristas, obligando a una competencia a tres bandas por no quedar fuera de la segunda vuelta (ballotage). Mas que el look y la personalidad psiqui\u00e1trica de Milei, lo que ha generado creciente apoyo en la juventud, y luego en otros sectores, incluso proletarios o plebeyos, es su discurso \u201crupturista\u201d ante un r\u00e9gimen pol\u00edtico (\u201cla casta\u201d) repudiado por la poblaci\u00f3n. Mucho ha dado que hablar las frases de \u201cincendiar el Banco Central\u201d o \u201cel plan motosierra\u201d. Pero veamos que significa en la realidad estas frases efectistas, que consecuencias tendr\u00edan para la clase trabajadora y el pueblo pobre, y hasta donde realmente piensa llegar Milei en caso de ganar las elecciones.<\/p>\n\n\n\n<p><strong>El \u201cincendio del Banco Central\u201d o la dolarizaci\u00f3n<\/strong><\/p>\n\n\n\n<p>La inflaci\u00f3n creciente que amenaza con transformarse en hiper-inflaci\u00f3n es sin duda el problema que afecta m\u00e1s gravemente hoy al pueblo trabajador. Los ingresos de la poblaci\u00f3n pierden mes a mes frente a los precios de los bienes en general, y de los b\u00e1sicos (alimentos, vivienda, etc.) en particular. As\u00ed como Macri promet\u00eda antes de ser presidente que resolver\u00eda este flagelo en \u201c5 minutos\u201d hoy Milei y los libertarios venden el milagroso ant\u00eddoto de la dolarizaci\u00f3n como soluci\u00f3n. La eliminaci\u00f3n del Banco Central (BCRA) tiene que ver con que es la instituci\u00f3n que emite el peso, la moneda nacional cada vez m\u00e1s devaluada, \u201cla maquinita\u201d que produce billetes que compran menos productos cada d\u00eda. Lo que no explica Milei es que una dolarizaci\u00f3n, es decir la eliminaci\u00f3n del peso y su reemplazo por el d\u00f3lar implicar\u00eda una devaluaci\u00f3n tan grande de los ingresos y ahorros populares que llevar\u00eda la pobreza a niveles nunca vistos. Ser\u00eda un salto hiperinflacionario de la noche a la ma\u00f1ana. En concreto significar\u00eda un shock antipopular tan grande que no nos dejar\u00eda a los trabajadores m\u00e1s opciones que la muerte por hambre o la rebeli\u00f3n. Esto \u00faltimo es lo que los capitalistas y sus voceros (periodistas y economistas) temen y es por eso que no toman en serio semejante bravuconada demag\u00f3gica para enga\u00f1ar incautos. Y, evidentemente, el propio Milei es quien prepara medidas m\u00e1s \u201crazonables\u201d cuando presenta como sus asesores econ\u00f3micos a los reciclados menemistas Roque Fern\u00e1ndez (ex ministro de Menem) y Carlos Rodr\u00edguez (ex vice-ministro de Cavallo).<\/p>\n\n\n\n<p>Rodr\u00edguez, jefe de los asesores de Milei, ya sali\u00f3 a aclarar que la dolarizaci\u00f3n inmediata y el cierre del BCRA es un \u201cslogan de campa\u00f1a\u201d (<em>Infobae, 24-5-2023<\/em>). Estos asesores son la manifestaci\u00f3n palpable de que Milei no es m\u00e1s que un menemismo del siglo XXI. Y en cuanto a sus soluciones para la inflaci\u00f3n no es muy diferente de lo que plantean los economistas de JxC. De hecho, Melconi\u00e1n, posible ministro de Bullrich o Larreta, que preside la cavallista Fundaci\u00f3n Mediterr\u00e1nea, tambi\u00e9n propone dolarizaci\u00f3n parcial. En los hechos el plan monetario de Milei y Melconi\u00e1n es reducir la emisi\u00f3n de peso e ir liberando el cepo al d\u00f3lar. Todas medidas que ya aplic\u00f3 Macri llevando la inflaci\u00f3n al doble en el transcurso de su gobierno.<\/p>\n\n\n\n<p><strong>El \u201cplan motosierra\u201d o el ajuste fiscal<\/strong><\/p>\n\n\n\n<p>Milei pretende hacernos creer que su motosierra tendr\u00eda como v\u00edctimas a la \u201ccasta pol\u00edtica\u201d y no afectar\u00eda al pueblo trabajador. Otro cuento para endulzar una pol\u00edtica de ajuste fiscal contra la salud y educaci\u00f3n p\u00fablicas, tarifazos impagables, recorte de las jubilaciones y planes sociales, etc. Si a\u00f1adimos que los libertarios son enemigos de los impuestos a los ricos queda claro que el d\u00e9ficit fiscal pretenden reducirlo o eliminarlo a costa del hambre del pueblo. Por otro lado, como Milei est\u00e1 a favor de pagar religiosamente la deuda con el FMI, y con los banqueros internacionales en general, su pol\u00edtica no ser\u00eda muy diferente que la que proponen Larreta o Bullrich y ser\u00eda una profundizaci\u00f3n del ajuste que ya est\u00e1 aplicando el gobierno actual con Massa a la cabeza, con el apoyo de Cristina. Juntos por el Cambio tambi\u00e9n hace eje de su campa\u00f1a en el ajuste fiscal. Si Milei, JxC o el FdT lo har\u00edan m\u00e1s r\u00e1pido o m\u00e1s lento, m\u00e1s profundo o m\u00e1s leve, es una discusi\u00f3n est\u00e9ril. Todos los frentes electorales de la patronal que se presentan en las elecciones van a avanzar en ajustar al pueblo trabajador, como ya lo est\u00e1 haciendo el actual gobierno y todos lo har\u00e1n y hasta el hueso una vez que ganen las elecciones. <\/p>\n\n\n\n<p>Para aplicar semejante plan antiobrero Milei al igual que Larreta y Bullrich, apelar\u00e1n sin dudas a la represi\u00f3n. <\/p>\n\n\n\n<figure class=\"wp-block-image size-large is-resized\"><img loading=\"lazy\" decoding=\"async\" src=\"https:\/\/causa-obrera.org\/wp-content\/uploads\/2023\/06\/milei-bussi-20milei-twitter-1024x896.jpg\" alt=\"\" class=\"wp-image-1713\" width=\"401\" height=\"351\" srcset=\"https:\/\/causa-obrera.org\/wp-content\/uploads\/2023\/06\/milei-bussi-20milei-twitter-1024x896.jpg 1024w, https:\/\/causa-obrera.org\/wp-content\/uploads\/2023\/06\/milei-bussi-20milei-twitter-300x263.jpg 300w, https:\/\/causa-obrera.org\/wp-content\/uploads\/2023\/06\/milei-bussi-20milei-twitter-768x672.jpg 768w, https:\/\/causa-obrera.org\/wp-content\/uploads\/2023\/06\/milei-bussi-20milei-twitter.jpg 1200w\" sizes=\"(max-width: 401px) 100vw, 401px\" \/><\/figure>\n\n\n\n<p>El hijo del represor de la dictadura Domingo Bussi, aliado de Milei en Tucum\u00e1n, entre otros candidatos reaccionarios, delata como piensa actuar ante las protestas obreras y populares. Solo la fuerza que tengan las luchas de la clase trabajadora determinar\u00e1 cu\u00e1l es ese ritmo o, derrotar\u00e1 el ataque a nuestras condiciones de vida. Pero para desarrollar esas luchas es necesario que los trabajadores nos demos cuenta que todos los pol\u00edticos que representan intereses patronales son enemigos de clase, y que de ninguna manera creamos en su demagogia ni en sus enga\u00f1os.<\/p>\n\n\n\n<p><strong>Enfrentar los planes capitalistas con un programa y una estrategia obrera y socialista<\/strong><\/p>\n\n\n\n<p>El pr\u00f3ximo gobierno vendr\u00e1 a profundizar el ataque contra el pueblo trabajador que ya est\u00e1 aplicando el actual gobierno del FdT. Sea Milei, JxC o el peronismo, los trabajadores debemos enfrentar el ataque. Y las luchas contra esa ofensiva solo podr\u00e1 derrotarla si es dirigida por una vanguardia obrera y popular que entienda la necesidad de la lucha por el poder, para imponer un gobierno de los trabajadores.<\/p>\n\n\n\n<p>Las corrientes pol\u00edticas de izquierda como las que integran el FIT-U, o los dirigentes reformistas pretendidamente \u201caut\u00f3nomos\u201d, si solo circunscriben la lucha a \u201cuna resistencia\u201d sindical al ajuste, como han hecho hasta ahora, van a contribuir a la derrota de la clase la clase trabajadora que desde ya preparan los dirigentes de la CGT y ambas CTA. La demostraci\u00f3n del fracaso de la estrategia \u201csindicalista\u201d es que los salarios desde hace tiempo, pero sobre todo los \u00faltimos 5 a\u00f1os vienen cayendo contra la inflaci\u00f3n<\/p>\n\n\n\n<p>A las variantes de dolarizaci\u00f3n, emisi\u00f3n monetaria o f\u00f3sforos para el Banco Central, debemos oponerle la nacionalizaci\u00f3n del sistema bancario, el monopolio estatal del comercio exterior y la expropiaci\u00f3n de la gran burgues\u00eda y el imperialismo para que los productos de nuestro trabajo sean administrados por nosotros mismos, por los trabajadores, planificando la econom\u00eda en inter\u00e9s de la mayor\u00eda de la sociedad y no como hoy en beneficio de una minor\u00eda capitalista parasitaria.<\/p>\n\n\n\n<p>No se puede resolver ning\u00fan flagelo de esta econom\u00eda capitalista semicolonial de la Argentina sin expropiar los grandes medios de producci\u00f3n tanto de la burgues\u00eda local como extranjera, desconocer y dejar de pagar la deuda externa y a los grandes acreedores internos. El \u00fanico cambio a favor de los trabajadores viene de liquidar el r\u00e9gimen capitalista, instaurando un gobierno de trabajadores que controle democr\u00e1ticamente las palancas fundamentales de la producci\u00f3n, la distribuci\u00f3n y el comercio exterior, para avanzar hacia una sociedad socialista. Para que la vanguardia obrera y de la juventud trabajadora que se vaya destacando en las luchas pueda dirigirlas con una estrategia revolucionaria hacia la conquista del poder y una salida socialista de la crisis, que es necesario imprescindible organizarla en un Partido de Trabajadores revolucionario.&nbsp; Esa es la principal tarea militante que te proponemos desde el Partido de La Causa Obrera (PCO).<\/p>\n\n\n\n<p><strong>Turco Morales, 8\/6\/23<\/strong><\/p>\n","protected":false},"excerpt":{"rendered":"<p>El gobierno peronista de Cristina y Massa (Alberto, formalmente presidente, ya tiene la misma importancia que una alfombra de la Casa Rosada) transcurre la agon\u00eda de sus \u00faltimos meses de gobierno. De las promesas de \u201cllenar la heladera\u201d, en las&#8230;<\/p>\n","protected":false},"author":1,"featured_media":1712,"comment_status":"open","ping_status":"open","sticky":true,"template":"","format":"standard","meta":{"footnotes":""},"categories":[10],"tags":[],"_links":{"self":[{"href":"https:\/\/causa-obrera.org\/index.php\/wp-json\/wp\/v2\/posts\/1711"}],"collection":[{"href":"https:\/\/causa-obrera.org\/index.php\/wp-json\/wp\/v2\/posts"}],"about":[{"href":"https:\/\/causa-obrera.org\/index.php\/wp-json\/wp\/v2\/types\/post"}],"author":[{"embeddable":true,"href":"https:\/\/causa-obrera.org\/index.php\/wp-json\/wp\/v2\/users\/1"}],"replies":[{"embeddable":true,"href":"https:\/\/causa-obrera.org\/index.php\/wp-json\/wp\/v2\/comments?post=1711"}],"version-history":[{"count":1,"href":"https:\/\/causa-obrera.org\/index.php\/wp-json\/wp\/v2\/posts\/1711\/revisions"}],"predecessor-version":[{"id":1714,"href":"https:\/\/causa-obrera.org\/index.php\/wp-json\/wp\/v2\/posts\/1711\/revisions\/1714"}],"wp:featuredmedia":[{"embeddable":true,"href":"https:\/\/causa-obrera.org\/index.php\/wp-json\/wp\/v2\/media\/1712"}],"wp:attachment":[{"href":"https:\/\/causa-obrera.org\/index.php\/wp-json\/wp\/v2\/media?parent=1711"}],"wp:term":[{"taxonomy":"category","embeddable":true,"href":"https:\/\/causa-obrera.org\/index.php\/wp-json\/wp\/v2\/categories?post=1711"},{"taxonomy":"post_tag","embeddable":true,"href":"https:\/\/causa-obrera.org\/index.php\/wp-json\/wp\/v2\/tags?post=1711"}],"curies":[{"name":"wp","href":"https:\/\/api.w.org\/{rel}","templated":true}]}}