{"id":1707,"date":"2023-06-02T00:37:13","date_gmt":"2023-06-02T00:37:13","guid":{"rendered":"https:\/\/causa-obrera.org\/?p=1707"},"modified":"2023-06-02T00:37:14","modified_gmt":"2023-06-02T00:37:14","slug":"cristina-en-el-25-de-mayo","status":"publish","type":"post","link":"https:\/\/causa-obrera.org\/index.php\/2023\/06\/02\/cristina-en-el-25-de-mayo\/","title":{"rendered":"Cristina en el 25 de mayo"},"content":{"rendered":"\n<p>En el an\u00e1lisis del acto encabezado por CFK, los medios de prensa resaltaban que la \u201cjefa\u201d no hab\u00eda indicado qui\u00e9n ser\u00eda el candidato \u00fanico del peronismo a las pr\u00f3ximas elecciones, o si por el contrario se habilitar\u00eda la competencia entre los distintos postulantes en el marco de las PASO.<\/p>\n\n\n\n<p>Sin embargo, solo basta mirar la composici\u00f3n del palco para darse cuenta de cu\u00e1l es la posici\u00f3n de la \u00fanica e indiscutida dirigente del kirchnerismo. Para empezar, Alberto Fern\u00e1ndez no estuvo invitado. Fue la vendetta de Cristina a las chicanas vertidas por el presidente unos d\u00edas antes, que la ubicaban a CFK s\u00f3lo como \u201ccompa\u00f1era\u201d de N\u00e9stor y rest\u00e1ndole peso como dirigente indiscutida, remachando esa idea al decir que Cristina \u201cno es Per\u00f3n\u201d. Tampoco estuvieron presentes los candidatos \u201calbertistas\u201d Scioli y Rossi, que se postulan y reclaman internas.<\/p>\n\n\n\n<p>A CFK le vino bien, servido en bandeja para hacer concreta en situ su relato de las diferencias pol\u00edticas que mantiene con el presidente, pero sin reconocer que se trat\u00f3 de un error suyo haberlo propuesto, indicando que hubi\u00e9ramos estado mucho peor con un gobierno de Macri. Es decir, la jugada de gran estratega que le atribu\u00edan sus devotos, termin\u00f3 apenas en el consuelo -especial para tontos- del mal menor.<\/p>\n\n\n\n<p>La disposici\u00f3n de la primera fila del escenario fue por lo dem\u00e1s elocuente. A su derecha Kicillof y Magario, gobernador y vice de la provincia de Buenos Aires, en la que el kirchnerismo se juega su futuro pol\u00edtico, con la renovaci\u00f3n del mandato de Kicillof, que seg\u00fan dicen las encuestas es el candidato que m\u00e1s \u201cretiene\u201d el voto cristinista.<\/p>\n\n\n\n<p>A la izquierda, su hijo M\u00e1ximo, quiz\u00e1s candidato a primer diputado. A continuaci\u00f3n, Wado de Pedro y Sergio Massa, los dos \u201cnominados\u201d CFK que podr\u00edan ser candidatos a la presidencia o a primer senador de la provincia. Todo depender\u00e1 de c\u00f3mo le vaya en este mes a Massa, con las gestiones que va a realizar en su viaje a China y posteriormente a EE-UU para cerrar las negociaciones con el FMI para la \u201creformulaci\u00f3n\u201d del acuerdo cuyas principales metas ya fueron incumplidas.<\/p>\n\n\n\n<p>Del acto, ambos potenciales candidatos salieron como una parejita de t\u00f3rtolos. Se fotografiaron juntos en el acto de inauguraci\u00f3n de un \u201ctren tur\u00edstico\u201d, y all\u00ed Wado le cedi\u00f3 espont\u00e1neamente la palabra al \u201ccompa\u00f1ero Sergio\u201d. &nbsp;A continuaci\u00f3n, se publicaron fotos previas al viaje de Massa y M\u00e1ximo a China, en las que no se escatiman sonrisas y abrazos. Queda como otra an\u00e9cdota del contorsionante peronismo, ahora en su versi\u00f3n kirchnerista, los cantitos de La C\u00e1mpora dedicados a \u201clos traidores que se van con Massa\u201d, as\u00ed como las volteretas imp\u00fadicas del dirigente del Frente Renovador que dec\u00eda que si CFK no tuviera fueros deber\u00eda estar presa por corrupta.<\/p>\n\n\n\n<p>Est\u00e1 claro, entonces que CFK no quiere dirimir candidaturas en las internas, haciendo valer su poder como jefa real del movimiento, de aplicar el dedo para las designaciones. Seg\u00fan le vaya a Massa y seg\u00fan se desarrollen los acontecimientos pol\u00edticos y sociales, el pr\u00f3ximo candidato estar\u00e1 entre Massa (sin internas), o con Wado de Pedro (con internas), si es que la situaci\u00f3n social sigue haciendo posible el tr\u00e1nsito relativamente normal hacia las elecciones. Y con CFK, que no contest\u00f3 a los reclamos de la militancia, dispuesta a asumir la presidencia \u201cpor el bien de la Patria\u201d en caso de \u201ccaos social\u201d, como consecuencia de una devaluaci\u00f3n forzada.&nbsp;<\/p>\n\n\n\n<p>Pol\u00edticamente, no hubo nada que haya sido interesante del discurso de Cristina, salvo sus acostumbradas reversiones de la historia, que transformada en relato se choca con la cruda realidad. Como por ejemplo, cuando dijo que cuando Kirchner asumi\u00f3 la presidencia, YPF estaba privatizada, omitiendo que tanto ella como N\u00e9stor apoyaron a Menem en esa privatizaci\u00f3n, a cambio del env\u00edo de 480.000.000 de U$S y el pago de una parte en la licitaci\u00f3n de las \u00e1reas a explotar.<\/p>\n\n\n\n<p>Ubic\u00f3 el pago de la deuda \u201ctaca, taca\u201d al FMI, en com\u00fan acuerdo con Lula, como si hubiera sido un hito del gobierno nacional y popular de N\u00e9stor. Y una vez m\u00e1s confes\u00f3 que \u201cse la llevan toda\u201d, en este caso la plata de la extracci\u00f3n del Litio, como si ella fuera una espectadora m\u00e1s sin ning\u00fan poder pol\u00edtico para actuar.<\/p>\n\n\n\n<p>Tras el acto, varios dirigentes kirchneristas resaltaron que, en su discurso, CFK dio las directivas para un programa de gobierno. \u00bfQu\u00e9 dijo?<\/p>\n\n\n\n<p>Que tenemos que conseguir que sea dejada de lado voluntariamente la receta del FMI y \u201cnos permita\u201d desarrollar un programa propio de crecimiento e industrializaci\u00f3n, y que el pago de la deuda se pueda hacer en base a un porcentaje de las exportaciones. Pensar que el FMI vaya a renunciar voluntariamente a sus imposiciones para cobrar la deuda ser\u00eda propio de una persona ingenua. Pero CFK no tiene nada de eso. Por lo que solo cabe pensar que trata de vendernos espejitos de colores.<\/p>\n\n\n\n<p>Luego agreg\u00f3 que ese programa de pagar la deuda en base al crecimiento se puede hacer, \u201cporque lo hicimos durante 12 a\u00f1os y medio\u201d. Pero se olvida que el per\u00edodo de recuperaci\u00f3n vino despu\u00e9s de la gran devaluaci\u00f3n durante el gobierno de Duhalde y tuvo una situaci\u00f3n extremadamente favorable en el plano internacional, el llamado \u201cviento de cola\u201d. Lo que no explica es porque en los \u00faltimos tres a\u00f1os de su segundo mandato la econom\u00eda se estanc\u00f3 y termin\u00f3 con un 30% de pobreza.<\/p>\n\n\n\n<p>Tambi\u00e9n propuso \u201cuna alianza entre lo p\u00fablico y lo privado\u201d en las actividades que m\u00e1s \u201cretorno\u201d producen, en referencia a lo que llam\u00f3 recursos estrat\u00e9gicos, como Vaca Muerta, el litio, las tierras raras. Y como ejemplo dijo, dirigi\u00e9ndose al capital internacional privado: \u201cNo digo que hagan ac\u00e1 los autos el\u00e9ctricos, pero por lo menos una parte de la bater\u00eda hacela ac\u00e1 \u201chermano\u201d \u2026si te la estas llevando toda\u201d. Esta l\u00ednea es la que vino a reafirmar la General Laura Richardson en sus seguidas visitas a la Argentina, cuando plante\u00f3 que esos recursos son de vital inter\u00e9s para EE-UU. Junto con la menci\u00f3n de alcanzar un pacto democr\u00e1tico, es la versi\u00f3n adornada con cotill\u00f3n K de la misma pol\u00edtica propiciada desde la embajada norteamericana. En ese pacto incluy\u00f3 la reforma de la Corte Suprema, junto con reclamar que no hace falta llegar a la liquidaci\u00f3n del adversario, consider\u00e1ndolo un enemigo, que con ganarle es suficiente. Es decir, lo que CFK le est\u00e1 diciendo a la oposici\u00f3n es que hay que buscar un acuerdo negociado que le garantice su impunidad y la continuidad de su existencia pol\u00edtica a cambio ser garante de la paz social y la sostenibilidad del ajuste, en el marco del regimen capitalista que ambos defienden.<\/p>\n\n\n\n<p><strong><u>La primera pregunta b\u00e1sica que podr\u00edamos hacer, ante esta propuesta de los ejes de un \u201cprograma de gobierno\u201d, es por qu\u00e9 no aplic\u00f3 este programa que propone para las elecciones durante su gobierno, en el que, aunque formalmente no tuvo la \u201clapicera\u201d, es indudable que ocup\u00f3 un lugar central siendo la vicepresidente, y la primera electora, ya que ella lo puso no solo a Alberto sino tambi\u00e9n a Massa.<\/u><\/strong><\/p>\n\n\n\n<p><strong><u>El programa que necesitamos los trabajadores<\/u><\/strong><\/p>\n\n\n\n<p>La segunda pregunta que debemos hacernos los trabajadores, sobre todo aquellos que todav\u00eda puedan tener alguna expectativa en CFK es si este programa que propone es favorable a nuestros intereses o no.<\/p>\n\n\n\n<p>Hay que destacar que habl\u00f3 de aumentar el PBI y de pagar la deuda, pero no dijo c\u00f3mo podremos los trabajadores salir de la pobreza. El acuerdo entre lo p\u00fablico (El Estado) y lo privado (capital internacional) para explotar los \u201crecursos\u201d es lo que ya est\u00e1 ocurriendo, por ejemplo, en Vaca Muerta y en Jujuy con el litio. Pero las ganancias se la lleva el capital privado y el Estado juega para que eso ocurra. La riqueza creada por nuestro trabajo se la llevan los empresarios imperialistas que dejan muy poco para el Estado en concepto de impuestos, y lo \u00fanico que \u201cderrama\u201d para el conjunto de la poblaci\u00f3n es la contaminaci\u00f3n ambiental. \u201cPonerles carita fea\u201d como dijo CFK, para obligarlos a \u201cdistribuir el ingreso\u201d, o apelar al esp\u00edritu cristiano de los empresarios para que aumenten los salarios, nunca ha sido suficiente.<\/p>\n\n\n\n<p>A los empresarios, sean locales o extranjeros no se los puede \u201cconvencer\u201d de que cedan sus ganancias voluntariamente, hay que expropiarlos. Pero no solo para \u201cdistribuir\u201d o para tener mejores salarios, sino para reorganizar la econom\u00eda sobre nuevas bases sociales. Ahora, con la econom\u00eda organizada sobre bases capitalistas, si los empresarios que son los due\u00f1os del capital y los medios de producci\u00f3n (f\u00e1bricas, tierras, etc.) consideran que no van a obtener un \u201cretorno\u201d (ganancias) suficiente, no invierten y sobreviene una crisis. Bajo el capitalismo los trabajadores solo producimos para mantener y aumentar las ganancias capitalistas.<\/p>\n\n\n\n<p>Con los medios de producci\u00f3n en manos de un Estado Obrero, es decir, en manos de los trabajadores, en nuestras manos, la producci\u00f3n se organizar\u00eda en funci\u00f3n de las necesidades de la mayor\u00eda trabajadora de la poblaci\u00f3n y en base a un plan para que la econom\u00eda crezca, pero no como es ahora para aumentar las ganancias de un pu\u00f1ado de capitalistas, sino para aumentar el bienestar social de nuestras familias. Al no estar regida la econom\u00eda por la sed de ganancias capitalistas, el trabajo se repartir\u00eda entre todas las \u201cmanos\u201d disponibles y en lugar de trabajar muchas horas algunos y otros nada (o en changas para sobrevivir), se repartir\u00edan las horas de trabajo para que todos trabajemos en jornadas m\u00e1s cortas, con un salario que cubra la canasta familiar total que ya super\u00f3 los $350 mil.<\/p>\n\n\n\n<p>Tampoco se puede \u201cconvencer\u201d al FMI que \u201cnos permita\u201d otro programa para pagar la deuda. Llamar a la unidad nacional para eso es un cuento chino \u00bfCon quienes ser\u00eda esa unidad, con Macri, Bullrich, Larreta, Milei\u2026? Pero adem\u00e1s con la sangr\u00eda de la deuda, en un cuadro de decadencia y crisis general del capitalismo no puede haber ning\u00fan plan que beneficie a los trabajadores.&nbsp; Para esto hace falta no solo desconocer la deuda sino expropiar a la burgues\u00eda y al imperialismo. No hay otra posibilidad.<\/p>\n\n\n\n<p>Nos dir\u00e1n que eso implica una lucha muy dura. Y s\u00ed, as\u00ed es. Es muy grande la crisis y muy dura ser\u00e1 la lucha para salir de esta situaci\u00f3n. <strong>Lo que hace falta es una revoluci\u00f3n que imponga un gobierno de trabajadores y establezca un Estado Obrero, que luche desde el primer d\u00eda por extender esa revoluci\u00f3n a toda Latinoam\u00e9rica y el mundo.<\/strong><\/p>\n\n\n\n<p>Para <em>\u201cCristina\u201d<\/em> el \u00fanico sistema eficiente es el capitalismo. Dijo eso sin ponerse colorada, cuando su \u201ccapitalismo nacional y popular\u201d se destaca por su eficiencia para producir pobres, llegando a la incre\u00edble e hist\u00f3rica cifra de una pobreza que afecta al 40% de los trabajadores. Mientras que, a nivel internacional, el capitalismo imperialista se sumerge en la crisis general y tras la guerra en Ucrania se apresta a desatar una nueva guerra, la tercera guerra mundial, de consecuencias inimaginables para el conjunto de la humanidad. No es que \u201cCistina\u201d no sepa todo esto, pero habla y act\u00faa seg\u00fan sus intereses y los de su clase, como lo que ella misma reconoci\u00f3 que es; <strong>una burguesa.<\/strong><\/p>\n\n\n\n<p>El \u00fanico sistema que ser\u00e1 eficiente para los trabajadores, ser\u00e1 el SOCIALISMO. Y para eso es que hace falta organizarnos en un Partido de Trabajadores que luche por la revoluci\u00f3n socialista en nuestro pa\u00eds y a nivel Internacional.<\/p>\n\n\n\n<p><strong>A.B. 30\/5\/23<\/strong><\/p>\n","protected":false},"excerpt":{"rendered":"<p>En el an\u00e1lisis del acto encabezado por CFK, los medios de prensa resaltaban que la \u201cjefa\u201d no hab\u00eda indicado qui\u00e9n ser\u00eda el candidato \u00fanico del peronismo a las pr\u00f3ximas elecciones, o si por el contrario se habilitar\u00eda la competencia entre&#8230;<\/p>\n","protected":false},"author":1,"featured_media":1708,"comment_status":"open","ping_status":"open","sticky":true,"template":"","format":"standard","meta":{"footnotes":""},"categories":[10],"tags":[],"_links":{"self":[{"href":"https:\/\/causa-obrera.org\/index.php\/wp-json\/wp\/v2\/posts\/1707"}],"collection":[{"href":"https:\/\/causa-obrera.org\/index.php\/wp-json\/wp\/v2\/posts"}],"about":[{"href":"https:\/\/causa-obrera.org\/index.php\/wp-json\/wp\/v2\/types\/post"}],"author":[{"embeddable":true,"href":"https:\/\/causa-obrera.org\/index.php\/wp-json\/wp\/v2\/users\/1"}],"replies":[{"embeddable":true,"href":"https:\/\/causa-obrera.org\/index.php\/wp-json\/wp\/v2\/comments?post=1707"}],"version-history":[{"count":1,"href":"https:\/\/causa-obrera.org\/index.php\/wp-json\/wp\/v2\/posts\/1707\/revisions"}],"predecessor-version":[{"id":1709,"href":"https:\/\/causa-obrera.org\/index.php\/wp-json\/wp\/v2\/posts\/1707\/revisions\/1709"}],"wp:featuredmedia":[{"embeddable":true,"href":"https:\/\/causa-obrera.org\/index.php\/wp-json\/wp\/v2\/media\/1708"}],"wp:attachment":[{"href":"https:\/\/causa-obrera.org\/index.php\/wp-json\/wp\/v2\/media?parent=1707"}],"wp:term":[{"taxonomy":"category","embeddable":true,"href":"https:\/\/causa-obrera.org\/index.php\/wp-json\/wp\/v2\/categories?post=1707"},{"taxonomy":"post_tag","embeddable":true,"href":"https:\/\/causa-obrera.org\/index.php\/wp-json\/wp\/v2\/tags?post=1707"}],"curies":[{"name":"wp","href":"https:\/\/api.w.org\/{rel}","templated":true}]}}