{"id":1703,"date":"2023-06-02T00:29:24","date_gmt":"2023-06-02T00:29:24","guid":{"rendered":"https:\/\/causa-obrera.org\/?p=1703"},"modified":"2023-06-02T00:29:25","modified_gmt":"2023-06-02T00:29:25","slug":"frente-de-todos-juntos-x-el-cambio-mileitodos-juntos-a-favor-de-los-capitalistas-el-ajuste-y-el-fmi","status":"publish","type":"post","link":"https:\/\/causa-obrera.org\/index.php\/2023\/06\/02\/frente-de-todos-juntos-x-el-cambio-mileitodos-juntos-a-favor-de-los-capitalistas-el-ajuste-y-el-fmi\/","title":{"rendered":"Frente de Todos, Juntos x el Cambio, Milei\u2026Todos Juntos a favor de los capitalistas, el ajuste y el FMI"},"content":{"rendered":"\n<p>El <strong>\u201cfrente del ajuste\u201d<\/strong> existe hace rato, como un ente que flota por encima de la grieta. La grieta est\u00e1 en las disputas pol\u00edticas de los cargos por el poder. Pero a la hora de defender los intereses generales de los capitalistas y el imperialismo todos se disciplinan a ese objetivo, cumpliendo cada uno el papel que le toca en el reparto.<\/p>\n\n\n\n<p>Como en el cuento para ni\u00f1os, Macri pidi\u00f3 un gran pr\u00e9stamo, pero la plata \u201cse fug\u00f3\u201d. El gobierno del Frente de Todos renegoci\u00f3 el acuerdo con el FMI y Juntos x el Cambio lo aprob\u00f3 en el Congreso. El gobierno nacional y todos los gobiernos provinciales, oficialistas u opositores apoyaron el ajuste y el nuevo acuerdo. Pero Cristina para no quedar \u201csucia\u201d hizo renunciar a Guzm\u00e1n y, Batakis mediante, asumi\u00f3 Massa. Quienes ahora quieren destacar la capacidad y \u201cel temple\u201d de Massa dicen que cuando asumi\u00f3 el gobierno estaba a punto de salir de la rosada en helic\u00f3ptero. Al decir de CFK, Massa agarr\u00f3 \u201cuna papa caliente\u201d. Con esa frase, tambi\u00e9n quiere disculparlo en parte por la inflaci\u00f3n creciente, ya que en lugar del 3 y pico que preve\u00eda el ministro para el mes de abril, el \u00edndice oficial marc\u00f3 el 8,4%.<\/p>\n\n\n\n<p>Aunque \u201cdevaluado\u201d por la inflaci\u00f3n creciente, y hasta que terminen las negociaciones con el FMI, Massa sigue en carrera. Pero las famosas \u201cfuentes cercanas\u201d a \u201cla jefa\u201d dicen que la f\u00f3rmula que <em>Cristina<\/em> tiene in pectore, ser\u00eda Wado de Pedro-Malena Galmarini (esposa de Massa). Tambi\u00e9n se menciona a la presidenta provisional del Senado, Claudia Ledesma (esposa de Gerardo Zamora, gobernador de Santiago del Estero) como candidata a la vicepresidencia, para tirarle un centro a los gobernadores.<\/p>\n\n\n\n<p>Mientras tanto progresa el <strong>\u201cfrente del acuerdo o consenso nacional\u201d,<\/strong> cuya primera piedra puso el embajador yanki Marc Stanley en su discurso la 19a. edici\u00f3n del&nbsp;Consejo de las Am\u00e9ricas&nbsp;en Buenos Aires, en agosto de 2022, cuando dijo: &nbsp;\u00abHe o\u00eddo a Horacio (<a href=\"https:\/\/www.pagina12.com.ar\/474605-horacio-rodriguez-larreta-pidio-una-insercion-inteligente-en\">Rodr\u00edguez Larreta<\/a>, que hab\u00eda disertado en el panel anterior) hablar de que quer\u00eda ser parte de una coalici\u00f3n en el pr\u00f3ximo gobierno que salvara al pa\u00eds; yo les digo que el momento es hoy, que&nbsp;no esperen a las elecciones de 2023, sin importar la ideolog\u00eda o posici\u00f3n partidaria,&nbsp;<strong>unan sus fuerzas<\/strong> ahora mismo, este es el momento\u00bb. Si el embajador yanki llama a unir fuerzas, seguro que no es para combatir al capital ni al imperialismo. Ese frente es para imponer un dur\u00edsimo ajuste contra los trabajadores. Larreta y Massa (directa o indirectamente) ser\u00edan los protagonistas principales, aunque ya se est\u00e1n sumando m\u00e1s adherentes, entre los cuales hay que destacar al lanzado candidato del \u201ccordobesismo\u201d Juan Schiaretti. Todos ellos saben que gobierne quien gobierne a partir de diciembre, tendr\u00e1n que hacer un ataque profundo a las condiciones de vida y laborales de la clase trabajadora, y temen que reaccionemos, que haya un levantamiento obrero y popular como ha ocurrido en los \u00faltimos a\u00f1os en otros pa\u00edses. Por eso necesitan unirse, aunar fuerzas para imponer sus \u201creformas estructurales\u201d en nuestra contra.<\/p>\n\n\n\n<p>Sin embargo, y a pesar de que los melones se van acomodando en esa direcci\u00f3n, y que oficialismo y oposici\u00f3n quisieran llegar en relativa calma hasta las elecciones de octubre, todav\u00eda no est\u00e1n del todo bien agarrados.<\/p>\n\n\n\n<p><strong><u>\u00bfCristina se baj\u00f3?<\/u><\/strong><\/p>\n\n\n\n<p>El principal problema que se atraviesa en el horizonte es la crisis de reservas del Banco Central. Es vox populi que no hay m\u00e1s ni un d\u00f3lar, peor todav\u00eda, la cuenta de las reservas da negativa. Por lo tanto, Massa y su equipo viajaron a EE-UU a encarar nuevas negociaciones con el FMI. Pr\u00e1cticamente se est\u00e1 discutiendo un nuevo acuerdo de conjunto, ya que no se cumpli\u00f3 ninguna de las principales metas y condiciones pactadas con anterioridad. Sin embargo, el punto crucial de discusi\u00f3n, es el pedido de adelanto del dinero que el FMI ten\u00eda que girar entre septiembre y diciembre al gobierno argentino. Ser\u00eda un total de 10,6 mil millones de d\u00f3lares, que Massa pide se env\u00eden ahora para evitar nuevas corridas cambiarias como la de fines de abril, que de repetirse har\u00edan desbarrancar por completo la inflaci\u00f3n y el conjunto de la econom\u00eda.<\/p>\n\n\n\n<p>No es eso solo lo que le preocupa al gobierno peronista. Tambi\u00e9n las consecuencias que podr\u00eda tener una inflaci\u00f3n creciente sobre la ya inexistente paciencia social. Fueron bastante discutidos entre los analistas de la burgues\u00eda algunos \u201cmini\u201d estallidos parciales, como aqu\u00e9l en el que fue golpeado Berni por una manifestaci\u00f3n de choferes enardecidos por la muerte de un compa\u00f1ero de trabajo. Gobierno, oposici\u00f3n, empresarios bur\u00f3cratas sindicales e iglesias saben perfectamente que el horno no est\u00e1 para bollos.<\/p>\n\n\n\n<p>El pedido de auxilio de Massa fue respaldado por Biden, pero todav\u00eda se enfrenta a duros requisitos que plantea el staff del Fondo cuyos funcionarios responden principalmente a EE-UU (el principal aportante al FMI), pero no \u00fanicamente, ya que hay otras potencias imperialistas, como Jap\u00f3n, Alemania, Francia, etc., ante las cuales tienen que rendir cuentas.<\/p>\n\n\n\n<p>El FMI est\u00e1 a favor del desembolso anticipado, pero pone como condici\u00f3n m\u00e1s importante una fuerte devaluaci\u00f3n, para evitar que el actual gobierno use esos d\u00f3lares para intervenir en el mercado y se esfumen como ha ocurrido con los d\u00f3lares de los super\u00e1vits comerciales de a\u00f1os anteriores. Los dineros que env\u00eda el FMI son para que el gobierno les pague a ellos mismos los vencimientos de fin de a\u00f1o. &nbsp;<\/p>\n\n\n\n<p>Pero una devaluaci\u00f3n, por lo menos del 40%, dar\u00eda un gran impulso a la inflaci\u00f3n y podr\u00eda hacer desbordar la olla social que est\u00e1 en ebullici\u00f3n. Y \u00bfQu\u00e9 pasar\u00eda si finalmente no hay acuerdo con el FMI? Massa con una inflaci\u00f3n galopante, \u00bfseguir\u00eda en su cargo o renunciar\u00eda? Y si aumentan las movilizaciones y la lucha de clases (los periodistas lo llaman \u201cel conflicto social\u201d), \u00bfaguantar\u00eda Alberto o tambi\u00e9n apelar\u00eda al helic\u00f3ptero?<\/p>\n\n\n\n<p>Y en ese caso, \u00bfpodr\u00eda CFK asumir la presidencia, despu\u00e9s de haber renunciado a la candidatura, present\u00e1ndolo como un sacrificio en aras de la salvaci\u00f3n de la Patria?<\/p>\n\n\n\n<p>Mientras tanto y prepar\u00e1ndose para todas las alternativas CFK fue la \u00fanica oradora del acto del 25 de mayo, el del \u201coperativo clamor\u201d \u2026 abortado de antemano, ya que para evitar que sus seguidores se siguieran \u201chaciendo los rulos\u201d, Cristina aclar\u00f3 desde antes que no se va a presentar como candidata a nada. Ha tratado de darle a este repliegue la imagen de un \u201crenunciamiento\u201d -a lo Evita- \u201cpor el bien del peronismo\u201d, argumentando que es perseguida, ella y todo el peronismo. Pero por ahora sigue ah\u00ed, en la c\u00fapula del poder y en el centro de la atenci\u00f3n p\u00fablica, tratando de despegarse del gobierno de Alberto Fern\u00e1ndez y de apoyar a Massa sin aparecer respaldando los acuerdos con el FMI. \u00a1Un gran despliegue de equilibrismo pol\u00edtico y de cinismo!<\/p>\n\n\n\n<p>Que los jueces de la Corte Suprema no son independientes y que unos cuantos act\u00faan en funci\u00f3n de sus v\u00ednculos con la oposici\u00f3n, es evidente, como tambi\u00e9n que hay jueces afines al peronismo, como es el caso de Ana Mar\u00eda Figueroa, integrante -y ahora presidenta- de la C\u00e1mara Federal de Casaci\u00f3n Penal, a la que el Senado de mayor\u00eda oficialista autoriz\u00f3 a seguir en su cargo despu\u00e9s de cumplir los 75 a\u00f1os, cuando a esa podr\u00eda jubilarse.&nbsp;La sala que ahora presidir\u00e1 deber\u00e1 decidir CFK va a juicio o no por el caso Hotesur.<\/p>\n\n\n\n<p><strong>A CFK siempre le rindi\u00f3 victimizarse<\/strong> y m\u00e1s ahora que tiene pocos argumentos para pedir los votos de aquellos que no est\u00e1n en su \u201cn\u00facleo duro\u201d. Pero es evidente para el que lo quiera ver, que los dirigentes pol\u00edticos de ambas coaliciones (la oficialista FdeT -incluyendo a CFK- y la opositora JxC, lo mismo que Milei), <strong>act\u00faan<\/strong> representando los intereses de los capitalistas y de las potencias imperialistas,<strong> en contra de las necesidades m\u00e1s elementales de los trabajadores<\/strong>. Tan defensora de los capitalistas es CFK que volvi\u00f3 a repetir durante su \u201cclase magistral\u201d en la ciudad de La Plata, que el capitalismo es el sistema m\u00e1s eficiente, cuando la realidad indica que se profundiza su crisis y vamos de cabeza a la tercera guerra mundial.<\/p>\n\n\n\n<p><strong><u>Los trabajadores nos hundimos&nbsp;<\/u><\/strong><\/p>\n\n\n\n<p>En particular <strong>nuestro pa\u00eds, hace a\u00f1os que viene en decadencia<\/strong>. El economista Esteban Domecq, de la consultora Invecq dice que mientras el PBI per c\u00e1pita de la regi\u00f3n se duplic\u00f3 en los \u00faltimos 50 a\u00f1os, en la Argentina creci\u00f3 s\u00f3lo 15%. En el mismo per\u00edodo la tasa de pobreza pas\u00f3 del 5% en 1975 a m\u00e1s del 40% de la poblaci\u00f3n en la actualidad. Ni la dictadura, ni los gobiernos de \u201cla democracia\u201d, radicales y peronistas, con sus respectivos frentes y alianzas pudieron mejorar la situaci\u00f3n de los trabajadores porque siguen defendiendo la estructura capitalista semicolonial del pa\u00eds, es decir, sometida a los intereses imperialistas. Solo durante cortos per\u00edodos de caracter\u00edsticas particulares, cuando las condiciones internacionales fueron muy favorables hubo alguna recuperaci\u00f3n: durante el primer gobierno de Per\u00f3n (desde 1945 hasta 1952 apr\u00f3x.) y durante el primer gobierno kirchnerista (desde 2003 hasta 2010 apr\u00f3x.). En esos per\u00edodos hubo un gran excedente de la balanza comercial entre otras condiciones favorables. Pero, como se puede apreciar, durante los \u00faltimos gobiernos kirchneristas, sin plata no se puede hacer mucho populismo concreto, econ\u00f3mico y social, solo sobrevive un populismo de palabra, del relato, una especie de curanderismo pol\u00edtico, con el que quieren mantener el voto popular. Y entonces, mientras el \u201cprogresismo nacional y popular\u201d ajusta como el mejor, crece la pobreza y empieza a aumentar la desocupaci\u00f3n, nos dicen que hay que votarlos \u201cporque si no gana la derecha\u201d y va a ser peor. Con uno o con otros, mientras subsista el r\u00e9gimen capitalista, cada vez va a ser peor para los trabajadores, ya que estamos en una \u00e9poca en la que todo va barranca a bajo. La opci\u00f3n del mal menor ya no alcanza ni para cubrir dignamente las necesidades m\u00e1s elementales.<\/p>\n\n\n\n<p><strong>No hay m\u00e1s nada que esperar de las elecciones<\/strong>. No queda otra que luchar. Luchar por el salario, contra los despidos, por la salud y la educaci\u00f3n. Para luchar y en el proceso mismo de la lucha tenemos que sacarnos de encima a la burocracia sindical que nos frena, que persigue a los activistas, que nos buchonea con la patronal.<\/p>\n\n\n\n<p>Pero <strong>la lucha por las reivindicaciones m\u00e1s elementales<\/strong>, sea por dentro de los sindicatos o en la forma asamblearia de los autoconvocados, que es una forma de superar al aparato burocr\u00e1tico que se ha dado principalmente en docentes y en salud, es muy necesaria, pero <strong>no es suficiente<\/strong>. Esto es mucho m\u00e1s evidente en estos momentos, ya que los aumentos salariales se pierden frente a la inflaci\u00f3n como arena entre los dedos. No hay forma de resolver nuestra situaci\u00f3n si no apuntamos al poder pol\u00edtico. Mientras el gobierno lo tengan los representantes pol\u00edticos (la casta) de los empresarios y sostengan al capitalismo, no habr\u00e1 salida de la miseria para los trabajadores. <strong>Hay que luchar por un Gobierno de los Trabajadores que expropie a los capitalistas<\/strong> para organizar la econom\u00eda en beneficio del pueblo trabajador y no de un pu\u00f1ado de ricachones explotadores. Para esta lucha no basta la organizaci\u00f3n sindical. Hace falta <strong>organizar un Partido de Trabajadores que tenga esa estrategia revolucionaria.<\/strong><\/p>\n","protected":false},"excerpt":{"rendered":"<p>El \u201cfrente del ajuste\u201d existe hace rato, como un ente que flota por encima de la grieta. La grieta est\u00e1 en las disputas pol\u00edticas de los cargos por el poder. Pero a la hora de defender los intereses generales de&#8230;<\/p>\n","protected":false},"author":1,"featured_media":1705,"comment_status":"open","ping_status":"open","sticky":true,"template":"","format":"standard","meta":{"footnotes":""},"categories":[5,10],"tags":[],"_links":{"self":[{"href":"https:\/\/causa-obrera.org\/index.php\/wp-json\/wp\/v2\/posts\/1703"}],"collection":[{"href":"https:\/\/causa-obrera.org\/index.php\/wp-json\/wp\/v2\/posts"}],"about":[{"href":"https:\/\/causa-obrera.org\/index.php\/wp-json\/wp\/v2\/types\/post"}],"author":[{"embeddable":true,"href":"https:\/\/causa-obrera.org\/index.php\/wp-json\/wp\/v2\/users\/1"}],"replies":[{"embeddable":true,"href":"https:\/\/causa-obrera.org\/index.php\/wp-json\/wp\/v2\/comments?post=1703"}],"version-history":[{"count":1,"href":"https:\/\/causa-obrera.org\/index.php\/wp-json\/wp\/v2\/posts\/1703\/revisions"}],"predecessor-version":[{"id":1706,"href":"https:\/\/causa-obrera.org\/index.php\/wp-json\/wp\/v2\/posts\/1703\/revisions\/1706"}],"wp:featuredmedia":[{"embeddable":true,"href":"https:\/\/causa-obrera.org\/index.php\/wp-json\/wp\/v2\/media\/1705"}],"wp:attachment":[{"href":"https:\/\/causa-obrera.org\/index.php\/wp-json\/wp\/v2\/media?parent=1703"}],"wp:term":[{"taxonomy":"category","embeddable":true,"href":"https:\/\/causa-obrera.org\/index.php\/wp-json\/wp\/v2\/categories?post=1703"},{"taxonomy":"post_tag","embeddable":true,"href":"https:\/\/causa-obrera.org\/index.php\/wp-json\/wp\/v2\/tags?post=1703"}],"curies":[{"name":"wp","href":"https:\/\/api.w.org\/{rel}","templated":true}]}}