{"id":1683,"date":"2023-04-29T00:32:59","date_gmt":"2023-04-29T00:32:59","guid":{"rendered":"https:\/\/causa-obrera.org\/?p=1683"},"modified":"2023-04-29T00:34:37","modified_gmt":"2023-04-29T00:34:37","slug":"ante-el-1-de-mayo-el-problema-del-partido-revolucionario","status":"publish","type":"post","link":"https:\/\/causa-obrera.org\/index.php\/2023\/04\/29\/ante-el-1-de-mayo-el-problema-del-partido-revolucionario\/","title":{"rendered":"Ante el 1\u00b0 de Mayo, el problema del partido revolucionario"},"content":{"rendered":"\n<p>En cada 1\u00b0 de mayo los lectores de <em>La Causa Obrera<\/em> saben que nuestro objetivo no es \u201chomenajear\u201d a los m\u00e1rtires de Chicago, sino que aprovechamos esta fecha para discutir la situaci\u00f3n pol\u00edtica m\u00e1s general y de la clase trabajadora. En todo caso el mejor homenaje que podemos hacerles a los m\u00e1rtires de la lucha por la jornada de 8 horas, o a los tantos otros que en el mundo, han ofrendado su vida por la causa obrera y por la revoluci\u00f3n socialista, es tratar de interpretar correctamente, es decir con el m\u00e9todo del marxismo, cual es la situaci\u00f3n actual, para as\u00ed poder intervenir en la lucha de clases y construir el partido revolucionario.<\/p>\n\n\n\n<p>Cuando fue la lucha por las 8 horas (el proceso de <a href=\"https:\/\/es.wikipedia.org\/wiki\/Huelga_laboral\">huelga<\/a>s iniciadas el <a href=\"https:\/\/es.wikipedia.org\/wiki\/1_de_mayo\">1\u00b0 de mayo<\/a> de <a href=\"https:\/\/es.wikipedia.org\/wiki\/1886\">1886<\/a>, que tuvo el punto m\u00e1s alto, el <a href=\"https:\/\/es.wikipedia.org\/wiki\/4_de_mayo\">4 de mayo<\/a>, en la famosa <a href=\"https:\/\/es.wikipedia.org\/wiki\/Revuelta_de_Haymarket\">Revuelta de Haymarket<\/a>) es decir, 8 horas para trabajar, 8 horas para descansar y 8 horas para el ocio, hac\u00eda 3 a\u00f1os que hab\u00eda muerto Carlos Marx. Por eso su amigo y compa\u00f1ero Federico Engels, escribi\u00f3 en el pr\u00f3logo a la edici\u00f3n alemana de 1890 del Manifiesto Comunista, que, de haber estado vivo, hubiera estado muy contento de ver a la clase obrera luchando de nuevo, golpeando como solo pu\u00f1o, contra la burgues\u00eda y su Estado.\u00a0 <em>\u201cHoy, primero de Mayo, el proletariado europeo y americano pasa revista por vez primera a sus contingentes puestos en pie de guerra como un ej\u00e9rcito \u00fanico, unido bajo una sola bandera y concentrado en un objetivo: la jornada normal de ocho horas, que ya proclamara la Internacional en el congreso de Ginebra en 1889, y que es menester elevar a ley.\u00a0 El espect\u00e1culo del d\u00eda de hoy abrir\u00e1 los ojos a los capitalistas y a los grandes terratenientes de todos los pa\u00edses y les har\u00e1 ver que la uni\u00f3n de los proletarios del mundo es ya un hecho. \u00a1Oh, si Marx estuviese a mi lado para verlo con sus propios ojos!\u201d<\/em><\/p>\n\n\n\n<figure class=\"wp-block-image size-full\"><img loading=\"lazy\" decoding=\"async\" width=\"800\" height=\"450\" src=\"https:\/\/causa-obrera.org\/wp-content\/uploads\/2023\/04\/Imagen-de-WhatsApp-2023-04-23-a-las-17.37.30.jpg\" alt=\"\" class=\"wp-image-1684\" srcset=\"https:\/\/causa-obrera.org\/wp-content\/uploads\/2023\/04\/Imagen-de-WhatsApp-2023-04-23-a-las-17.37.30.jpg 800w, https:\/\/causa-obrera.org\/wp-content\/uploads\/2023\/04\/Imagen-de-WhatsApp-2023-04-23-a-las-17.37.30-300x169.jpg 300w, https:\/\/causa-obrera.org\/wp-content\/uploads\/2023\/04\/Imagen-de-WhatsApp-2023-04-23-a-las-17.37.30-768x432.jpg 768w\" sizes=\"(max-width: 800px) 100vw, 800px\" \/><\/figure>\n\n\n\n<p>Engels se alegraba porque la clase obrera volv\u00eda a luchar 15 a\u00f1os despu\u00e9s de la Comuna de Par\u00eds de 1871. Y si bien la lucha por las 8 horas era una lucha econ\u00f3mica, la clase obrera golpeaba con un solo pu\u00f1o, no solo en EEUU, sino tambi\u00e9n en Europa. Fue por eso que la <a href=\"https:\/\/es.wikipedia.org\/wiki\/Segunda_Internacional\">Segunda Internaciona<\/a>l, estableci\u00f3 el 1\u00ba de mayo como jornada de lucha internacional de la clase obrera, en recordatorio de aquella lucha y de los \u201cM\u00e1rtires de Chicago\u201d, denominaci\u00f3n que les dieron a los activistas que fueron ejecutados por el gobierno yanky en el marco de ese proceso de huelgas.<\/p>\n\n\n\n<p>Esta jornada que se hace en simultaneo en much\u00edsimos pa\u00edses, puede verse plasmado en la realidad lo que decimos siempre los marxistas, que la clase obrera es una clase internacional. Eso significa que no tiene propiedad privada de los medios de producci\u00f3n ni intereses diferentes divididos por fronteras nacionales. Los Estado-Naci\u00f3n, representan los intereses de cada burgues\u00eda nativa, las cuales han inventado una nacionalidad -expresada en un ej\u00e9rcito, un himno, una bandera, etc.- y una frontera que es la demarcaci\u00f3n del mercado en el cual act\u00faa como clase dominante, y en la cual extraen la mayor parte de sus ganancias.<\/p>\n\n\n\n<p>Pero no todas las burgues\u00edas son iguales. La de los pa\u00edses semicoloniales, como las de Am\u00e9rica Latina, est\u00e1n subordinadas al imperialismo y son sus socias menores. Es decir, en los pa\u00edses como los nuestros la mayor parte de las ganancias que se obtienen de la explotaci\u00f3n de la clase trabajadora se las llevan las burgues\u00edas de los pa\u00edses centrales.<\/p>\n\n\n\n<p>Desde la misma \u00e9poca que se produjeron las huelgas por el primero de mayo, el capitalismo empez\u00f3 a cambiar su car\u00e1cter, transform\u00e1ndose en imperialista. Esta \u00e9poca de decadencia, llev\u00f3 a dos guerras en las cuales se disputaron qui\u00e9n iba a ser el pa\u00eds imperialista dominante. Fue la Segunda Guerra Mundial, la que defini\u00f3 a uno como dominante exclusivo o hegem\u00f3nico, el imperialismo yanky.<\/p>\n\n\n\n<p>Pero esa \u201chegemon\u00eda\u201d, que desde el punto de vista econ\u00f3mico se mantuvo hasta entrado el nuevo milenio, pasando por varias crisis, la fue perdiendo a manos de otros pa\u00edses imperialistas, como Alemania (y la Uni\u00f3n Europea de conjunto) y otras potencias regionales como China.<\/p>\n\n\n\n<p>Ahora estamos viviendo una mayor profundizaci\u00f3n de la crisis econ\u00f3mica que comenz\u00f3 del 2008\/9, que se expresa en una crisis furibunda en Argentina, con niveles de pobreza que aumentan conforme al aumento descontrolado de la inflaci\u00f3n. Destruir a la competencia est\u00e1 en la g\u00e9nesis del sistema capitalista, en un marco donde las ganancias son cada vez m\u00e1s estrechas, los tambores de una nueva guerra mundial suenan cada vez m\u00e1s fuertes, es por eso que se avizora un nuevo reparto del mundo por parte de las potencias imperialistas.<\/p>\n\n\n\n<p><strong><u>Los actos de la burocracia sindical en Argentina durante este 1\u00b0 mayo<\/u><\/strong><\/p>\n\n\n\n<p>En la \u00e9poca de Marx y Engels surgieron los sindicatos (que reci\u00e9n ten\u00edan un desarrollo incipiente en Inglaterra con las trade-unions). Los dirigentes de estas organizaciones hoy en d\u00eda cumplen un papel fundamental para mantener la gobernabilidad, la famosa \u201cla paz social\u201d, que no es sino la paz, pero de \u201clos cementerios\u201d. Es la burocracia sindical, as\u00ed como tambi\u00e9n otro tipo de burocracia, la de los movimientos sociales, algo nuevo, propio de la decadencia del capitalismo.<\/p>\n\n\n\n<p>En Argentina van a realizar diferentes actos. La CGT lo va a hacer el 2 de mayo. Su objetivo, es el mismo de siempre, que los trabajadores sigan agachando la cabeza, resign\u00e1ndose a la situaci\u00f3n cada vez m\u00e1s oprobiosa que se vive. En la convocatoria dicen que hay que cuidar la \u201ctransici\u00f3n\u201d de un gobierno a otro, llaman a la \u201ccordura\u201d ante una situaci\u00f3n social que est\u00e1 muy \u201ccomplicada\u201d y a punto del desborde\u2026 \u00a1No vaya a ser que la situaci\u00f3n se desmadre y ellos sean parte de los colgados de la plaza! No hay palabras para describir lo arrastrados que son a los capitalistas y sus gobiernos, por eso son un pilar fundamental del sostenimiento del r\u00e9gimen capitalista semicolonial del pa\u00eds.<\/p>\n\n\n\n<p>P\u00e1rrafo aparte es para Pablo Moyano que es parte del triunvirato que dirige la CGT. Hay que recordar como Daniel Yofra, dirigente de la Federaci\u00f3n de Aceiteros, dec\u00eda el a\u00f1o pasado que ven\u00eda a \u201crenovar\u201d la CGT\u2026Vaya renovaci\u00f3n \u00bfno? Por otro lado, se ve que ahora la Federaci\u00f3n de Aceiteros tambi\u00e9n va moderando su principal \u201cbandera\u201d de <em>\u201cque ning\u00fan trabajador gane menos del m\u00ednimo vital y m\u00f3vil\u201d<\/em> ya que seg\u00fan el diario digital Conclusi\u00f3n, el acuerdo firmado por la Federaci\u00f3n para los desmotadores <em>\u201ccontempla aumentos en febrero, marzo, mayo y julio, el salario inicial de un trabajador de una jornada normal (200 horas mensuales) de la categor\u00eda inferior -pe\u00f3n- entre salario b\u00e1sico y adicionales llegar\u00e1 a $263.583 a partir del 1\u00b0 de julio de 2023\u201d,<\/em> cuando seg\u00fan el Indec (ATE) la canasta familiar para fines de febrero ya estaba en 273 mil y pico.<\/p>\n\n\n\n<p>La CTA Aut\u00f3noma tambi\u00e9n convoca a su acto, para el mismo d\u00eda 1\u00b0 de mayo junto al Movimiento Evita, la Corriente Clasista y Combativa (CCC), la Uni\u00f3n de Trabajadores de la Econom\u00eda Popular (UTEP). Ellos dicen que va a ser un acto contra del FMI\u2026 Es incre\u00edble que hablen en contra del FMI cuando son parte integrante del Frente de Todos que gobierna el pa\u00eds, que convalid\u00f3 el acuerdo firmado por Macri y aplic\u00f3 el ajuste negociado con el FMI. Hasta hace unos pocos meses ten\u00edan a Claudio Lozano como uno de los directores del Banco Naci\u00f3n y ahora encima lo llevan como candidato a presidente dentro del mismo Frente de Todos. Un detalle importante es que el Movimiento Evita particip\u00f3 de las listas de Rolando Figueroa que gan\u00f3 las elecciones en Neuqu\u00e9n, es un ex MPN que tuvo apoyo pol\u00edtico del mism\u00edsimo macrismo.<\/p>\n\n\n\n<p>En Rosario la CTA A y sus aliados tambi\u00e9n organizan un acto del 1\u00b0 de Mayo, van a participar del mismo los dirigentes del Frente de centro-izquierda encabezado por Carlos Del Frade, que incluye todo un abanico de organizaciones reformistas entre las que est\u00e1 el PCR-CCC, Libres del Sur, un sector de la UCR y una parte del PS-(Bases). Entre los principales dirigentes tienen a Claudia Balagu\u00e9, PS-Bases, quien fuera Ministra de Educaci\u00f3n en el gobierno de Miguel Lifschitz, o sea, que fue funcionaria del Estado provincial, o lo que es lo mismo de la patronal de los docentes y empleados provinciales. Este frente \u201ccasualmente\u201d no presenta candidatos a gobernador, solo a cargos legislativos. Es un gui\u00f1o claro al kirchnerismo con el cual buscan convivir pac\u00edficamente, porque son parte integrante del armado nacional del Frente de Todos. Son direcciones reformistas, completamente impotentes para enfrentar al r\u00e9gimen capitalista en crisis. Las direcciones sindicales que integran y dirigen la CTA-A Rosario, tanto en AMSAFE Rosario (Casiello-Ter\u00e9s) como en ATE Rosario (Almir\u00f3n), son furg\u00f3n de cola de la burocracia, tanto de Alonso como de Hoffman, y no han hecho m\u00e1s que llevar a la derrota las luchas que dirigieron. &nbsp;<\/p>\n\n\n\n<p><strong><u>El acto del FIT-U<\/u><\/strong><\/p>\n\n\n\n<p>El FIT-U tambi\u00e9n organiza su acto para, obviamente, presentar sus listas a las elecciones. En la invitaci\u00f3n al mismo hacen un tibio llamado a que gobiernen \u201clas y los trabajadores\u201d. En las pr\u00f3ximas elecciones podr\u00e1n sacar alguno voto m\u00e1s que otras veces, pero ya no despiertan el inter\u00e9s de anta\u00f1o entre los j\u00f3venes trabajadores y activistas.<\/p>\n\n\n\n<p>Su programa no nos prepara para enfrentar la crisis que estamos viviendo y que se profundiza; tienen un discurso cada vez m\u00e1s lavado, cada vez m\u00e1s adaptado al r\u00e9gimen capitalista La independencia de clase que expresaban en su momento, ahora hay que buscarla con microscopio. Llamaron a votar al PT en Brasil, a Boric en Chile, tanto el MST como IS est\u00e1n en la trinchera de la OTAN en la guerra de Ucrania y encima todos los partidos del FIT- U, plantean una Asamblea Constituyente como salida, es decir, democratizar el r\u00e9gimen burgu\u00e9s, cuando la democracia burguesa est\u00e1 podrida de cabo a rabo.<\/p>\n\n\n\n<p>Ir\u00e1n a las elecciones, con candidatos que parecen m\u00e1s estrellas de pop, que militantes marxistas, haci\u00e9ndonos creer que teniendo un diputado m\u00e1s vamos a resolver el problema de los trabajadores. Como no plantean nada que vaya seriamente contra el capitalismo, por eso no podemos esperar nada ellos.<\/p>\n\n\n\n<p><strong><u>Un partido de trabajadores para preparar la revoluci\u00f3n<\/u><\/strong><\/p>\n\n\n\n<p>La lucha por la jornada de 8 horas, hab\u00eda sido dur\u00edsima y si bien el capitalismo ya estaba entrando en su fase imperialista, era una \u00e9poca en la que pod\u00eda entregar concesiones duraderas. Como dice Trotsky, el capitalismo retrasaba solo de manera<em> relativa<\/em> el desarrollo de las Fuerzas Productivas, por eso tambi\u00e9n dice <em>\u201cque si hubiera sido posible en la segunda mitad del siglo XIX organizar la econom\u00eda sobre bases socialistas sus ritmos de crecimiento hubieran sido much\u00edsimo mayores\u201d.<\/em><\/p>\n\n\n\n<p>Pero si el r\u00e9gimen capitalista era relativamente reaccionario en esta \u00e9poca, a partir aproximadamente de la 1era Guerra Mundial se transforma en un r\u00e9gimen reaccionario en t\u00e9rminos <em>absolutos<\/em>. Esta transformaci\u00f3n tom\u00f3 su forma definitiva con el nombre de <em>imperialismo capitalista<\/em> y convirti\u00f3 a nuestra \u00e9poca en la \u00e9poca de crisis, guerras, revoluciones. En esta \u00e9poca el partido revolucionario, pas\u00f3 a ser fundamental para que el proletariado destruya el aparato militar burocr\u00e1tico del Estado burgu\u00e9s y conquiste el poder.&nbsp;&nbsp;<\/p>\n\n\n\n<p>Durante el siglo XX no han faltado luchas de distinta magnitud y algunas de car\u00e1cter revolucionario en la que multitudinarias masas populares han dado sobradas muestras de combatividad, hasta entregar sus propias vidas. Pero los partidos y movimientos burgueses o peque\u00f1oburgueses conciliadores que los dirigieron los llevaron a la derrota. Por eso en esta segunda d\u00e9cada del siglo XXI, ya no hay posibilidades de cortar camino, ninguna de las variantes reformistas o del nacionalismo burgu\u00e9s sirven para enfrentar al capitalismo en descomposici\u00f3n, todo lo contrario, son los que implementan directamente los planes de ajuste y de mayor sumisi\u00f3n al imperialismo. Tampoco el centrismo trotskista es una salida, por eso no queda otra que construir un Partido de Trabajadores, marxista revolucionario.<\/p>\n\n\n\n<p>Podemos ayudar a preparar las luchas, pero no podemos \u201ccrearlas\u201d. El comienzo de un nuevo ascenso revolucionario es un proceso relativamente objetivo, que no depende de nuestra voluntad. Lo que s\u00ed depende \u2013hasta cierto punto- en gran medida de nosotros, de la vanguardia de la clase obrera, es la construcci\u00f3n de un Partido Revolucionario, que es una tarea tan enorme como decisiva, porque si ese proceso de luchas no es fecundado por un programa y una estrategia marxista revolucionaria, en un per\u00edodo de grave crisis capitalista como el actual, m\u00e1s ahora cuando resuenan cada vez m\u00e1s cerca los tambores de una guerra mundial y los plazos se aceleran, termina inevitablemente en derrota.&nbsp;<\/p>\n\n\n\n<p>Como cualquier obrero sabe, para construir es fundamental hacer bien los cimientos. Esto significa en relaci\u00f3n a la construcci\u00f3n de un Partido, comprender la experiencia hist\u00f3rica e interpretar correctamente, seg\u00fan el marxismo, los problemas actuales que se nos presentan. No se trata de crecer en cantidad al costo de diluir nuestro programa, ni de la unidad por la unidad misma, para aumentar la fuerza, porque esto s\u00f3lo se lograr\u00eda cuando los que se unen \u2013teniendo unidad de principios y de m\u00e9todos- empujan en la misma direcci\u00f3n.&nbsp;&nbsp;&nbsp;<\/p>\n\n\n\n<p><strong>Mariano L\u00f3pez, 23\/4\/23 <\/strong><strong><\/strong><\/p>\n","protected":false},"excerpt":{"rendered":"<p>En cada 1\u00b0 de mayo los lectores de La Causa Obrera saben que nuestro objetivo no es \u201chomenajear\u201d a los m\u00e1rtires de Chicago, sino que aprovechamos esta fecha para discutir la situaci\u00f3n pol\u00edtica m\u00e1s general y de la clase trabajadora&#8230;.<\/p>\n","protected":false},"author":1,"featured_media":1685,"comment_status":"open","ping_status":"open","sticky":false,"template":"","format":"standard","meta":{"footnotes":""},"categories":[8,14],"tags":[],"_links":{"self":[{"href":"https:\/\/causa-obrera.org\/index.php\/wp-json\/wp\/v2\/posts\/1683"}],"collection":[{"href":"https:\/\/causa-obrera.org\/index.php\/wp-json\/wp\/v2\/posts"}],"about":[{"href":"https:\/\/causa-obrera.org\/index.php\/wp-json\/wp\/v2\/types\/post"}],"author":[{"embeddable":true,"href":"https:\/\/causa-obrera.org\/index.php\/wp-json\/wp\/v2\/users\/1"}],"replies":[{"embeddable":true,"href":"https:\/\/causa-obrera.org\/index.php\/wp-json\/wp\/v2\/comments?post=1683"}],"version-history":[{"count":2,"href":"https:\/\/causa-obrera.org\/index.php\/wp-json\/wp\/v2\/posts\/1683\/revisions"}],"predecessor-version":[{"id":1688,"href":"https:\/\/causa-obrera.org\/index.php\/wp-json\/wp\/v2\/posts\/1683\/revisions\/1688"}],"wp:featuredmedia":[{"embeddable":true,"href":"https:\/\/causa-obrera.org\/index.php\/wp-json\/wp\/v2\/media\/1685"}],"wp:attachment":[{"href":"https:\/\/causa-obrera.org\/index.php\/wp-json\/wp\/v2\/media?parent=1683"}],"wp:term":[{"taxonomy":"category","embeddable":true,"href":"https:\/\/causa-obrera.org\/index.php\/wp-json\/wp\/v2\/categories?post=1683"},{"taxonomy":"post_tag","embeddable":true,"href":"https:\/\/causa-obrera.org\/index.php\/wp-json\/wp\/v2\/tags?post=1683"}],"curies":[{"name":"wp","href":"https:\/\/api.w.org\/{rel}","templated":true}]}}