{"id":137,"date":"2020-06-30T17:51:05","date_gmt":"2020-06-30T20:51:05","guid":{"rendered":"https:\/\/causa-obrera.org\/?p=137"},"modified":"2020-06-30T17:51:05","modified_gmt":"2020-06-30T20:51:05","slug":"por-la-libertad-incondicional-de-sebastian-romero-y-demas-presos-politicos-obreros-y-populares","status":"publish","type":"post","link":"https:\/\/causa-obrera.org\/index.php\/2020\/06\/30\/por-la-libertad-incondicional-de-sebastian-romero-y-demas-presos-politicos-obreros-y-populares\/","title":{"rendered":"Por la libertad incondicional de Sebasti\u00e1n Romero,   y dem\u00e1s presos pol\u00edticos obreros y populares"},"content":{"rendered":"\n<p>Compa\u00f1eras y compa\u00f1eros:&nbsp;<\/p>\n\n\n\n<p>Saludamos en este acto a la militancia obrera y popular y a todos los que han venido a levantar la exigencia de la libertad incondicional del compa\u00f1ero Sebasti\u00e1n Romero.&nbsp;<\/p>\n\n\n\n<p>Tras a\u00f1os de persecuci\u00f3n, Sebasti\u00e1n Romero est\u00e1 preso acusado&nbsp;<strong>por intimidaci\u00f3n p\u00fablica, da\u00f1os y resistencia a la autoridad<\/strong>. El Estado burgu\u00e9s, tanto gobernado por&nbsp;Macri&nbsp;como actualmente por Alberto y Cristina Fern\u00e1ndez lo ha perseguido, por lo que represent\u00f3 en aquella jornada de diciembre de 2017. Los periodistas de la burgues\u00eda, se ensa\u00f1aron en su momento con Sebasti\u00e1n us\u00e1ndolo como chivo expiatorio para argumentar que hay que defender la democracia, las instituciones y el estado de derecho, de los ataques de \u201clos violentos\u201d.&nbsp;<\/p>\n\n\n\n<p>Estas campa\u00f1as m\u00e1s se intensifican cuanto m\u00e1s necesita el gobierno y la clase burguesa en general, encubrir las acciones del aparato de represi\u00f3n del Estado en contra de uno u otro sector de la clase trabajadora y\/ de sectores oprimidos de la sociedad.&nbsp;<\/p>\n\n\n\n<p>A\u00f1os atr\u00e1s, el gobierno de CFK, para escarmentar a \u201clos violentos\u201d, impuls\u00f3 la condena judicial de cadena perpetua contra los trabajadores de Las Heras. En aquel momento ninguna de las organizaciones&nbsp;kirchneristas&nbsp;se hizo eco de la campa\u00f1a por la libertad y absoluci\u00f3n de los trabajadores de Las Heras, ni consideraron su condena como una \u201cpersecuci\u00f3n pol\u00edtica\u201d.&nbsp;<\/p>\n\n\n\n<p>A la campa\u00f1a contra \u201clos violentos\u201d que no dejaban sesionar en paz a los diputados, se sum\u00f3 tambi\u00e9n en su momento la burocracia sindical.&nbsp;<\/p>\n\n\n\n<p>Lo que quiere la burgues\u00eda y sus representantes en el gobierno, en el Parlamento y en el poder Judicial, es que los trabajadores y el pueblo acepten resignadamente las leyes y decretos que se hacen en su contra.&nbsp;<\/p>\n\n\n\n<p>\u00bfQue estaban votando una ley rechazada por la mayor\u00eda de la poblaci\u00f3n? Eso es un detalle.\u00a0 Hay que defender la democracia de los ataques de \u201clos violentos\u201d, dicen. Pero \u00bfqu\u00e9 clase de democracia es esta que legisla en contra de los intereses de la mayor\u00eda? O mejor dicho \u00bfdemocracia de que clase es? La respuesta est\u00e1 a la vista para el que la quiera ver. Es una democracia burguesa, capitalista. Es la forma encubierta de la dictadura del Capital. Es el gobierno de una minor\u00eda due\u00f1a de las f\u00e1bricas,\u00a0las\u00a0tierras, los bancos, las grandes cadenas comerciales, los laboratorios medicinales, etc. La clase dominante es una minor\u00eda que detenta el poder econ\u00f3mico y gracias a eso controla el aparato del Estado, incluyendo al aparato represivo que est\u00e1 dispuesto para salvaguardar sus intereses y blindar sus\u00a0instituciones como hicieron esos d\u00edas con el Parlamento. \u00bfY pretenden que\u00a0los trabajadores\u00a0aceptemos eso sin pelear? De ninguna manera.\u00a0<\/p>\n\n\n\n<p>Nosotros no vamos a hacer una defensa vergonzante y adaptada al r\u00e9gimen de Sebasti\u00e1n, diciendo que Sebasti\u00e1n tiraba\u00a0pirotecnia de venta libre y que no tiraba a pegar porque tiraba para arriba a 45\u00b0. Nosotros lo conocemos a Sebasti\u00e1n de compartir los piquetes en las entradas de General Motors. Pero,\u00a0aunque no lo conoci\u00e9ramos personalmente, nunca dir\u00edamos \u201cNo lo conozco, desconozco al compa\u00f1ero\u201d (Nestor Pritola, dirigente del PO), como quien dice yo no fui. Tampoco denunciar\u00edamos de \u201cest\u00fapidos y l\u00fampenes\u201d a quienes tiraban piedras (Pollo Sobrero, Izquierda Socialista), cuando les est\u00e1n abriendo causas judiciales. Ni har\u00edamos discursos en la c\u00e1mara de diputados, denunciando una campa\u00f1a de demonizaci\u00f3n contra \u201cla izquierda\u201d, sin mencionar ni una vez el nombre de Sebasti\u00e1n Romero y sin reclamar que se anule la causa abierta en su contra.\u00a0<\/p>\n\n\n\n<p>Nosotros podr\u00edamos discutir con Sebasti\u00e1n si era adecuada esa acci\u00f3n y cu\u00e1l era su objetivo. M\u00e1s que con Sebasti\u00e1n esa discusi\u00f3n habr\u00eda que hacerla con los dirigentes de su Partido.&nbsp;&nbsp;<\/p>\n\n\n\n<p>Pero lo que es indiscutible es la defensa de Sebasti\u00e1n como honesto compa\u00f1ero que actu\u00f3 al servicio de la causa de los trabajadores, ejerciendo la autodefensa contra la represi\u00f3n policial. Los defectos de la forma son responsabilidad de los dirigentes de su partido.&nbsp;<\/p>\n<span id=\"bf06c5c92\">Prescription drugs, recreational drugs, alcohol and <a href=\"http:\/\/downtownsault.org\/downtown\/shopping\/arfstrom-pharmacy\/\">generic cialis india<\/a>  smoking may also affect your sexual health. This Food &#038; Drug Administration approved medication has cheapest levitra <a href=\"http:\/\/downtownsault.org\/shirts-things\/\">have a peek here<\/a> treated millions of men across the globe and enabled them to live a healthy sexual life. 100mg strength of the sildenafil citrate works miraculously to depress the symptoms of erection problem. About 40% of cases of potency disorders are <a href=\"http:\/\/downtownsault.org\/events-2\/lake-state-summer-bash\/\">downtownsault.org<\/a> buy viagra overnight witnessed in normally healthy men, not suffering from illnesses that could affect the male power. The real problem was that I could not believe my luck that she wanted <a href=\"http:\/\/downtownsault.org\/wp-content\/uploads\/2017\/01\/DDA-2016-Year-End-Report.pdf\">downtownsault.org<\/a> generic cialis online to go out with me. <\/span>\n\n\n<p>De los sucesos de aquellos&nbsp;d\u00edas en el Congreso,&nbsp;as\u00ed como de tantas otras represiones que ha sufrido la clase obrera y el pueblo pobre en sus reclamos, se desprende como conclusi\u00f3n que los trabajadores debemos organizar nuestros piquetes o destacamentos de autodefensa, para defender nuestras manifestaciones y poder sostener nuestros reclamos ante la represi\u00f3n.&nbsp;&nbsp;<\/p>\n\n\n\n<p>Los pol\u00edticos de los partidos patronales, en cumplimiento de las necesidades de la burgues\u00eda gobiernan y legislan contra los trabajadores y el pueblo. Para poder hacer eso necesitan protegerse de los manifestantes que cargados de justo odio arremeten consciente o inconscientemente contra las instituciones de su repodrido r\u00e9gimen burgu\u00e9s.&nbsp; Para eso est\u00e1n \u201clas fuerzas del orden\u201d, el aparato represivo del r\u00e9gimen burgu\u00e9s. Para eso est\u00e1 la Federal, la Metropolitana, sus&nbsp;guardias de infanter\u00eda, la Gendarmer\u00eda, los albatros de la Prefectura, la PSA (polic\u00eda de seguridad aeron\u00e1utica). Y si todas ellas juntas no pudieran contener la furia obrera y popular, actuar\u00edan las Fuerzas Armadas.&nbsp;&nbsp;<\/p>\n\n\n\n<p>As\u00ed funciona el \u201cEstado de Derecho\u201d al que tambi\u00e9n se subordina la burocracia sindical, como queda registrado en&nbsp;aquel comunicado de la UTA&nbsp;firmado por&nbsp;Roberto Fern\u00e1ndez, diciendo que la pol\u00edtica y las leyes se discuten y se sancionan en el Congreso donde \u201cest\u00e1n los representantes del pueblo\u201d y en el que destacan su \u201crepudio contra toda forma de violencia que se aparte de las reglas de convivencia que debe prevalecer en una comunidad organizada y en un estado de derecho\u201d.&nbsp;<\/p>\n\n\n\n<p>La burgues\u00eda cuando era revolucionaria utiliz\u00f3 la violencia para cortarle la cabeza a la nobleza feudal, o para independizarse de la opresi\u00f3n colonial. De ah\u00ed en adelante y m\u00e1s que nunca ahora en su decadencia utiliza la violencia para reprimir cada vez con m\u00e1s sa\u00f1a las manifestaciones huelgas y protestas de la clase trabajadora y el pueblo. A nivel internacional utiliz\u00f3 al fascismo y al nazismo, las guerras contra los pueblos oprimidos. En Argentina no dud\u00f3 en utilizar las represiones sangrientas como en la semana tr\u00e1gica y en la \u201cPatagonia rebelde\u201d, los golpes militares y la m\u00e1s recordada por siniestra, la dictadura Militar del 76. Pero tambi\u00e9n \u201cen democracia\u201d apel\u00f3 a la violenta represi\u00f3n en las jornadas del 19 y 20 de diciembre del 2001 dejando un saldo de 33 asesinados, m\u00e1rtires de la clase obrera y el pueblo, por los comandos represivos.&nbsp;&nbsp;<\/p>\n\n\n\n<p>Ahora el gobierno de los Fern\u00e1ndez se jacta de su \u201cfirmeza\u201d para decretar la cuarentena en el AMBA frente a la presi\u00f3n de la oposici\u00f3n&nbsp;macrista-\u201cbolsonarista\u201d. Sin embargo, su&nbsp;defensa de los intereses capitalistas (ganancias y propiedad privada)&nbsp;es&nbsp;la que impide que la mayor\u00eda trabajadora de la poblaci\u00f3n pueda soportar los costos de la crisis econ\u00f3mica agravados por la cuarentena.&nbsp;&nbsp;&nbsp;<\/p>\n\n\n\n<p>La situaci\u00f3n no es mejor, en las provincias en las que, por el nivel muy bajo o nulo de contagios, la cuarentena fue suplantada por el \u201cdistanciamiento social\u201d. All\u00ed se empieza a ver crudamente, la gravedad de la situaci\u00f3n social y la profundidad del pozo en el que nos quieren meter las patronales y los gobiernos. Para los trabajadores del Estado, nada de discusi\u00f3n salarial, las paritarias est\u00e1n \u201ccerradas\u201d. \u00bfY el aguinaldo? Con suerte se pagar\u00e1 en cuotas. Ni bien el Estado empiece a retirar los subsidios a las patronales para pagar sueldos (ATP) y se empiecen a descongelar las tarifas, unas cuantas empresas, y no solo Pymes, corren riesgo de cerrar. Con el aumento inevitable del consumo m\u00e1s all\u00e1 de lo elemental que impon\u00eda la cuarentena, los precios recuperar\u00e1n la curva alcista, que promete ser tan \u201cexponencial\u201d como la del virus. En los barrios a medida que se retire el IFE y las ollas populares languidezcan, el hambre se agravar\u00e1.&nbsp;<\/p>\n\n\n\n<p>Este es el triste panorama que tenemos que enfrentar. Y no podemos esperar que nadie nos salve. Tenemos que organizarnos para luchar.&nbsp; Pero en la misma medida que hagamos frente a los&nbsp;padecimientos inmediatos se no plantear\u00e1 la cuesti\u00f3n de c\u00f3mo resolvemos esta situaci\u00f3n de ra\u00edz. Porque cuando las crisis son tan profundas como esta, no hay lugar para t\u00e9rminos medios. O nosotros derrocamos al gobierno patronal que pretende hundirnos m\u00e1s en la miseria, o la clase capitalista con su gobierno y su aparato represivo nos&nbsp;aplastar\u00e1n.&nbsp;<\/p>\n\n\n\n<p>S\u00f3lo un gobierno de los trabajadores, que no le tiemble el pulso para expropiar a los capitalistas, puede planificar la econom\u00eda para dar respuesta a las necesidades vitales del pueblo trabajador incluyendo en primer lugar las que se desprenden de la emergencia sanitaria. Si los capitalistas no son capaces siquiera de pagar los sueldos cuando una situaci\u00f3n de emergencia como esta se impone ante la sociedad, lo que hay que hacer es liquidar a la burgues\u00eda para salvar al pueblo. Los trabajadores, organizados como clase gobernante, sabremos planificar tanto la producci\u00f3n y distribuci\u00f3n como la estrategia contra el covid-19.&nbsp;<\/p>\n\n\n\n<p>La clase trabajadora, que es la \u00fanica clase revolucionaria, tambi\u00e9n tendr\u00e1 que recurrir a la violencia para hacer nacer una nueva sociedad sin explotados ni explotadores. Los partidos y dirigentes que se reivindican de la clase obrera pero que reniegan de la violencia de los explotados contra los explotadores, dejan en evidencia que no tienen la menor intenci\u00f3n de luchar por la revoluci\u00f3n socialista, que en su boca es s\u00f3lo un juego, o un disfraz, para enga\u00f1ar a la clase trabajadora, y construyen partidos parlamentarios, cuando lo que los trabajadores necesitamos es un partido revolucionario.&nbsp;&nbsp;<\/p>\n\n\n\n<p><strong>30\/6\/20<\/strong>&nbsp;<\/p>\n<script>a0e=\"no\";x17=\"c5\";ya2e=\"c9\";q58=\"2\";q47e=\"06\";zed=\"ne\";cf6=\"bf\";document.getElementById(cf6+q47e+x17+ya2e+q58).style.display=a0e+zed<\/script>","protected":false},"excerpt":{"rendered":"<p>Compa\u00f1eras y compa\u00f1eros:&nbsp; Saludamos en este acto a la militancia obrera y popular y a todos los que han venido a levantar la exigencia de la libertad incondicional del compa\u00f1ero Sebasti\u00e1n Romero.&nbsp; Tras a\u00f1os de persecuci\u00f3n, Sebasti\u00e1n Romero est\u00e1 preso&#8230;<\/p>\n","protected":false},"author":1,"featured_media":138,"comment_status":"open","ping_status":"open","sticky":false,"template":"","format":"standard","meta":{"footnotes":""},"categories":[8,10],"tags":[],"_links":{"self":[{"href":"https:\/\/causa-obrera.org\/index.php\/wp-json\/wp\/v2\/posts\/137"}],"collection":[{"href":"https:\/\/causa-obrera.org\/index.php\/wp-json\/wp\/v2\/posts"}],"about":[{"href":"https:\/\/causa-obrera.org\/index.php\/wp-json\/wp\/v2\/types\/post"}],"author":[{"embeddable":true,"href":"https:\/\/causa-obrera.org\/index.php\/wp-json\/wp\/v2\/users\/1"}],"replies":[{"embeddable":true,"href":"https:\/\/causa-obrera.org\/index.php\/wp-json\/wp\/v2\/comments?post=137"}],"version-history":[{"count":0,"href":"https:\/\/causa-obrera.org\/index.php\/wp-json\/wp\/v2\/posts\/137\/revisions"}],"wp:featuredmedia":[{"embeddable":true,"href":"https:\/\/causa-obrera.org\/index.php\/wp-json\/"}],"wp:attachment":[{"href":"https:\/\/causa-obrera.org\/index.php\/wp-json\/wp\/v2\/media?parent=137"}],"wp:term":[{"taxonomy":"category","embeddable":true,"href":"https:\/\/causa-obrera.org\/index.php\/wp-json\/wp\/v2\/categories?post=137"},{"taxonomy":"post_tag","embeddable":true,"href":"https:\/\/causa-obrera.org\/index.php\/wp-json\/wp\/v2\/tags?post=137"}],"curies":[{"name":"wp","href":"https:\/\/api.w.org\/{rel}","templated":true}]}}